{"id":17655,"date":"2024-09-17T14:59:23","date_gmt":"2024-09-17T12:59:23","guid":{"rendered":"http:\/\/localhost:8888\/igfae-copia\/?p=16291"},"modified":"2024-12-30T08:55:08","modified_gmt":"2024-12-30T07:55:08","slug":"conversa-colofon-instrumentos-de-vision","status":"publish","type":"post","link":"https:\/\/igfae.usc.es\/igfae\/conversa-colofon-instrumentos-de-vision\/","title":{"rendered":"Unha conversa sobre as interacci\u00f3ns entre a ciencia e a creatividade art\u00edstica pon o colof\u00f3n a \u201cInstrumentos de Visi\u00f3n\u201d"},"content":{"rendered":"<p>A exposici\u00f3n <em>Instrumentos de Visi\u00f3n<\/em>, do artista Armin Linke, finaliza este s\u00e1bado 21 de setembro a s\u00faa estad\u00eda na Igrexa da Universidade de Santiago de Compostela, despois de superar as 40.000 visitas desde a s\u00faa apertura, o pasado 21 de xu\u00f1o. No ser\u00e1n do venres 20, \u00e1s 20.00 horas, e como colof\u00f3n \u00e1 mostra, ter\u00e1 lugar na propia igrexa a conversa <em>L\u00f3xicas cient\u00edficas e creatividades art\u00edsticas. Referencias e interacci\u00f3ns<\/em>, na que se abordar\u00e1 a influencia das achegas da f\u00edsica de part\u00edculas \u00e1 sociedade no relativo \u00e1s narrativas contempor\u00e1neas.<\/p>\n<p>Neste encontro tomar\u00e1n a palabra o director do IGFAE, Carlos Salgado, o escritor e cr\u00edtico literario Mario Regueira, a psiquiatra Iria Veiga e a coordinadora da exposici\u00f3n, Natalia Poncela, que conducir\u00e1 a conversa. Esta actividade est\u00e1 realizada en colaboraci\u00f3n coa Asociaci\u00f3n Galega da Cr\u00edtica. A entrada ser\u00e1 libre. Antes, o xoves 19, \u00e1s 19.00 horas, ter\u00e1 lugar a \u00faltima das visitas guiadas \u00e1 exposici\u00f3n. \u00c9 preciso rexistro previo, que pode facerse a trav\u00e9s da p\u00e1xina web da exposici\u00f3n <a href=\"instrumentosdevision.igfae.usc.es\">instrumentosdevision.igfae.usc.es<\/a>. Esta actividade real\u00edzase co apoio de Horta Coslada.<\/p>\n<p><em>Instrumentos de Visi\u00f3n<\/em><em>\u00a0<\/em>compila m\u00e1is de 20 anos de traballo do fot\u00f3grafo e cineasta Armin Linke (Mil\u00e1n, 1966), a partir da observaci\u00f3n das investigaci\u00f3ns realizadas en grandes infraestruturas experimentais como o CERN, o Laboratori Nazionali di Gran Sasso (L\u2019Aquila, Italia), ou o Institute for Quantum Optics and Quantum Information (IQOQI), de Innsbruck (Austria). Para esta ocasi\u00f3n, Armin Linke realizou unha serie de obras nas que se recolle o labor cient\u00edfico do persoal do IGFAE, presente nalgunha das m\u00e1is importantes colaboraci\u00f3ns cient\u00edficas internacionais en f\u00edsica de part\u00edculas, como o experimento LHCb do CERN.<\/p>\n<p>Este proxecto est\u00e1 comisariado por M\u00f3nica Bello (Santiago de Compostela, 1973), directora de Arts at CERN, o programa de arte desta organizaci\u00f3n cient\u00edfica, e conmemora a dobre efem\u00e9ride do 25\u00ba aniversario do IGFAE e os 70 anos da fundaci\u00f3n do CERN, a Organizaci\u00f3n Europea para a Investigaci\u00f3n Nuclear. Enm\u00e1rcase, ademais, na aposta realizada nos \u00faltimos anos polo ArtLab do IGFAE, co obxectivo de abrir novos espazos de conexi\u00f3n coa sociedade,<em>\u00a0<\/em>contribu\u00edndo ao di\u00e1logo entre a arte contempor\u00e1nea e as diversas li\u00f1as de investigaci\u00f3n do IGFAE.<\/p>\n<h5><strong>Participantes na conversa<\/strong><\/h5>\n<p>Carlos A. Salgado (Monforte de Lemos, 1971) \u00e9 f\u00edsico te\u00f3rico, profesor titular na Universidade de Santiago de Compostela e director do IGFAE. Anteriormente foi tam\u00e9n vicerrector de Internacionalizaci\u00f3n da mesma universidade. O seu campo de investigaci\u00f3n \u00e9 o estudo da\u00a0<a href=\"https:\/\/es.wikipedia.org\/wiki\/Cromodin%C3%A1mica_cu%C3%A1ntica\"><strong>Cromodin\u00e1mica Cu\u00e1ntica<\/strong><\/a>\u00a0(QCD) en condici\u00f3ns de altas densidades ou temperaturas, as\u00ed como as distribuci\u00f3ns part\u00f3nicas nucleares. Salgado acadou dous proxectos do European Research Council:<em>\u00a0<\/em><em>Hot and dense QCD in the LHC era<\/em>\u00a0(Starting Grant) e\u00a0<em>Yoctosecond imaging of QCD collectivity using jet observables<\/em>\u00a0(Advanced Grant).<\/p>\n<p>Mario Regueira (Ferrol, 1979).\u00a0Licenciado en Filolox\u00eda Galega e Doutor en Teor\u00eda de la Literatura e Literatura Comparada, \u00e1rea na que tam\u00e9n exerceu como profesor na USC. A s\u00faa tese de doutoramento foi publicada no ano 2020 baixo o <em>t\u00edtulo Narrativa e imaxinario nacional: A reconstruci\u00f3n do campo literario na posguerra<\/em> (1936-1966). As s\u00faas li\u00f1as de investigaci\u00f3n c\u00e9ntranse na literatura galega de posguerra, a poes\u00eda galega contempor\u00e1nea e a ficci\u00f3n cient\u00edfica. Tam\u00e9n ten realizado incursi\u00f3ns no \u00e1mbito da teor\u00eda queer e a representaci\u00f3n das realidades sexo-afectivas non hexem\u00f3nicas en relaci\u00f3n a varios destes \u00e1mbitos. Debutou como autor literario en lingua galega co libro de relatos <em>Rebeli\u00f3n no inverno <\/em>(2004) e foi premiado varias veces no \u00e1mbito da narrativa e da poes\u00eda. O seu \u00faltimo libro \u00e9 a reedici\u00f3n da novela <em>Outono aqu\u00ed<\/em> (2022, Premio Lueiro Rei de Novela, 2012). Ao mesmo tempo, ten colaborado no \u00e1mbito da opini\u00f3n, da cr\u00edtica xornal\u00edstica e da divulgaci\u00f3n con multitude de medios galegos.<\/p>\n<p>Iria Veiga (Ferrol, 1981).\u00a0M\u00e9dica psiquiatra e divulgadora cient\u00edfica. M\u00e1ster en Neurociencias pola USC e M\u00e1ster en Psicoterapia Cognitivo-Conductual. Traballa con persoas con trastorno mental grave no Hospital Psiqui\u00e1trico de Conxo e colabora cunha columna de opini\u00f3n sobre ciencia en N\u00f3s Diario. Participante en diversas iniciativas relacionadas coa lingua e a divulgaci\u00f3n cient\u00edfica e tam\u00e9n en actividades de divulgaci\u00f3n sobre sa\u00fade mental en centros de ensino. Colaboradora nos volumes colectivos sobre sexualidades f\u00f3ra da heteronorma <em>N\u00f3s xs inadaptadxs<\/em> e sobre non monogamias <em>O cento voando<\/em>.<\/p>\n","protected":false},"excerpt":{"rendered":"<p>A exposici\u00f3n Instrumentos de Visi\u00f3n, do artista Armin Linke, finaliza este s\u00e1bado 21 de setembro a s\u00faa estad\u00eda na Igrexa da Universidade de Santiago de Compostela, despois de superar as 40.000 visitas desde a s\u00faa apertura, o pasado 21 de xu\u00f1o. No ser\u00e1n do venres 20, \u00e1s 20.00 horas, e como colof\u00f3n \u00e1 mostra, ter\u00e1 [&hellip;]<\/p>\n","protected":false},"author":11,"featured_media":18850,"comment_status":"closed","ping_status":"closed","sticky":false,"template":"","format":"standard","meta":{"_acf_changed":false,"footnotes":""},"categories":[192,166],"class_list":["post-17655","post","type-post","status-publish","format-standard","has-post-thumbnail","hentry","category-artlab-gl-2","category-novas-2"],"acf":[],"yoast_head":"<!-- This site is optimized with the Yoast SEO plugin v27.4 - https:\/\/yoast.com\/product\/yoast-seo-wordpress\/ -->\n<title>Unha conversa sobre as interacci\u00f3ns entre a ciencia e a creatividade art\u00edstica pon o colof\u00f3n a \u201cInstrumentos de Visi\u00f3n\u201d<\/title>\n<meta name=\"description\" content=\"- A exposici\u00f3n do artista Armin Linke, froito da colaboraci\u00f3n entre o IGFAE e Arts at CERN, finaliza a s\u00faa estad\u00eda en Santiago este s\u00e1bado 21 de setembro, despois de recibir m\u00e1is de 40.000 visitas\" \/>\n<meta name=\"robots\" content=\"index, follow, max-snippet:-1, max-image-preview:large, max-video-preview:-1\" \/>\n<link rel=\"canonical\" href=\"https:\/\/igfae.usc.es\/igfae\/conversa-colofon-instrumentos-de-vision\/\" \/>\n<meta property=\"og:locale\" content=\"gl_ES\" \/>\n<meta property=\"og:type\" content=\"article\" \/>\n<meta property=\"og:title\" content=\"Unha conversa sobre as interacci\u00f3ns entre a ciencia e a creatividade art\u00edstica pon o colof\u00f3n a \u201cInstrumentos de Visi\u00f3n\u201d\" \/>\n<meta property=\"og:description\" content=\"- A exposici\u00f3n do artista Armin Linke, froito da colaboraci\u00f3n entre o IGFAE e Arts at CERN, finaliza a s\u00faa estad\u00eda en Santiago este s\u00e1bado 21 de setembro, despois de recibir m\u00e1is de 40.000 visitas\" \/>\n<meta property=\"og:url\" content=\"https:\/\/igfae.usc.es\/igfae\/conversa-colofon-instrumentos-de-vision\/\" \/>\n<meta property=\"og:site_name\" content=\"IGFAE\" \/>\n<meta property=\"article:published_time\" content=\"2024-09-17T12:59:23+00:00\" \/>\n<meta property=\"article:modified_time\" content=\"2024-12-30T07:55:08+00:00\" \/>\n<meta property=\"og:image\" content=\"https:\/\/igfae.usc.es\/igfae\/wp-content\/uploads\/2024\/09\/Instrumentos-de-Vision_17_09_24.jpg\" \/>\n\t<meta property=\"og:image:width\" content=\"1500\" \/>\n\t<meta property=\"og:image:height\" content=\"1000\" \/>\n\t<meta property=\"og:image:type\" content=\"image\/jpeg\" \/>\n<meta name=\"author\" content=\"Manuel\" \/>\n<meta name=\"twitter:card\" content=\"summary_large_image\" \/>\n<meta name=\"twitter:creator\" content=\"@IGFAE_HEP\" \/>\n<meta name=\"twitter:site\" content=\"@IGFAE_HEP\" \/>\n<meta name=\"twitter:label1\" content=\"Escrito por\" \/>\n\t<meta name=\"twitter:data1\" content=\"Manuel\" \/>\n\t<meta name=\"twitter:label2\" content=\"Tempo de lectura\" \/>\n\t<meta name=\"twitter:data2\" content=\"4 minutos\" \/>\n<script type=\"application\/ld+json\" class=\"yoast-schema-graph\">{\"@context\":\"https:\\\/\\\/schema.org\",\"@graph\":[{\"@type\":\"Article\",\"@id\":\"https:\\\/\\\/igfae.usc.es\\\/igfae\\\/conversa-colofon-instrumentos-de-vision\\\/#article\",\"isPartOf\":{\"@id\":\"https:\\\/\\\/igfae.usc.es\\\/igfae\\\/conversa-colofon-instrumentos-de-vision\\\/\"},\"author\":{\"name\":\"Manuel\",\"@id\":\"https:\\\/\\\/igfae.usc.es\\\/igfae\\\/#\\\/schema\\\/person\\\/7edb28d4e85fc09a1d4a05dd2b844174\"},\"headline\":\"Unha conversa sobre as interacci\u00f3ns entre a ciencia e a creatividade art\u00edstica pon o colof\u00f3n a \u201cInstrumentos de Visi\u00f3n\u201d\",\"datePublished\":\"2024-09-17T12:59:23+00:00\",\"dateModified\":\"2024-12-30T07:55:08+00:00\",\"mainEntityOfPage\":{\"@id\":\"https:\\\/\\\/igfae.usc.es\\\/igfae\\\/conversa-colofon-instrumentos-de-vision\\\/\"},\"wordCount\":790,\"publisher\":{\"@id\":\"https:\\\/\\\/igfae.usc.es\\\/igfae\\\/#organization\"},\"image\":{\"@id\":\"https:\\\/\\\/igfae.usc.es\\\/igfae\\\/conversa-colofon-instrumentos-de-vision\\\/#primaryimage\"},\"thumbnailUrl\":\"https:\\\/\\\/igfae.usc.es\\\/igfae\\\/wp-content\\\/uploads\\\/2024\\\/09\\\/Instrumentos-de-Vision_17_09_24.jpg\",\"articleSection\":[\"ArtLab\",\"Novas\"],\"inLanguage\":\"gl-ES\"},{\"@type\":\"WebPage\",\"@id\":\"https:\\\/\\\/igfae.usc.es\\\/igfae\\\/conversa-colofon-instrumentos-de-vision\\\/\",\"url\":\"https:\\\/\\\/igfae.usc.es\\\/igfae\\\/conversa-colofon-instrumentos-de-vision\\\/\",\"name\":\"Unha conversa sobre as interacci\u00f3ns entre a ciencia e a creatividade art\u00edstica pon o colof\u00f3n a \u201cInstrumentos de Visi\u00f3n\u201d\",\"isPartOf\":{\"@id\":\"https:\\\/\\\/igfae.usc.es\\\/igfae\\\/#website\"},\"primaryImageOfPage\":{\"@id\":\"https:\\\/\\\/igfae.usc.es\\\/igfae\\\/conversa-colofon-instrumentos-de-vision\\\/#primaryimage\"},\"image\":{\"@id\":\"https:\\\/\\\/igfae.usc.es\\\/igfae\\\/conversa-colofon-instrumentos-de-vision\\\/#primaryimage\"},\"thumbnailUrl\":\"https:\\\/\\\/igfae.usc.es\\\/igfae\\\/wp-content\\\/uploads\\\/2024\\\/09\\\/Instrumentos-de-Vision_17_09_24.jpg\",\"datePublished\":\"2024-09-17T12:59:23+00:00\",\"dateModified\":\"2024-12-30T07:55:08+00:00\",\"description\":\"- A exposici\u00f3n do artista Armin Linke, froito da colaboraci\u00f3n entre o IGFAE e Arts at CERN, finaliza a s\u00faa estad\u00eda en Santiago este s\u00e1bado 21 de setembro, despois de recibir m\u00e1is de 40.000 visitas\",\"breadcrumb\":{\"@id\":\"https:\\\/\\\/igfae.usc.es\\\/igfae\\\/conversa-colofon-instrumentos-de-vision\\\/#breadcrumb\"},\"inLanguage\":\"gl-ES\",\"potentialAction\":[{\"@type\":\"ReadAction\",\"target\":[\"https:\\\/\\\/igfae.usc.es\\\/igfae\\\/conversa-colofon-instrumentos-de-vision\\\/\"]}]},{\"@type\":\"ImageObject\",\"inLanguage\":\"gl-ES\",\"@id\":\"https:\\\/\\\/igfae.usc.es\\\/igfae\\\/conversa-colofon-instrumentos-de-vision\\\/#primaryimage\",\"url\":\"https:\\\/\\\/igfae.usc.es\\\/igfae\\\/wp-content\\\/uploads\\\/2024\\\/09\\\/Instrumentos-de-Vision_17_09_24.jpg\",\"contentUrl\":\"https:\\\/\\\/igfae.usc.es\\\/igfae\\\/wp-content\\\/uploads\\\/2024\\\/09\\\/Instrumentos-de-Vision_17_09_24.jpg\",\"width\":1500,\"height\":1000},{\"@type\":\"BreadcrumbList\",\"@id\":\"https:\\\/\\\/igfae.usc.es\\\/igfae\\\/conversa-colofon-instrumentos-de-vision\\\/#breadcrumb\",\"itemListElement\":[{\"@type\":\"ListItem\",\"position\":1,\"name\":\"Inicio\",\"item\":\"https:\\\/\\\/igfae.usc.es\\\/igfae\\\/\"},{\"@type\":\"ListItem\",\"position\":2,\"name\":\"Unha conversa sobre as interacci\u00f3ns entre a ciencia e a creatividade art\u00edstica pon o colof\u00f3n a \u201cInstrumentos de Visi\u00f3n\u201d\"}]},{\"@type\":\"WebSite\",\"@id\":\"https:\\\/\\\/igfae.usc.es\\\/igfae\\\/#website\",\"url\":\"https:\\\/\\\/igfae.usc.es\\\/igfae\\\/\",\"name\":\"IGFAE\",\"description\":\"Instituto Galego de F\u00edsica de Altas Enerx\u00edas\",\"publisher\":{\"@id\":\"https:\\\/\\\/igfae.usc.es\\\/igfae\\\/#organization\"},\"potentialAction\":[{\"@type\":\"SearchAction\",\"target\":{\"@type\":\"EntryPoint\",\"urlTemplate\":\"https:\\\/\\\/igfae.usc.es\\\/igfae\\\/?s={search_term_string}\"},\"query-input\":{\"@type\":\"PropertyValueSpecification\",\"valueRequired\":true,\"valueName\":\"search_term_string\"}}],\"inLanguage\":\"gl-ES\"},{\"@type\":\"Organization\",\"@id\":\"https:\\\/\\\/igfae.usc.es\\\/igfae\\\/#organization\",\"name\":\"Instituto Galego de F\u00edsica de Altas Enerx\u00edas\",\"url\":\"https:\\\/\\\/igfae.usc.es\\\/igfae\\\/\",\"logo\":{\"@type\":\"ImageObject\",\"inLanguage\":\"gl-ES\",\"@id\":\"https:\\\/\\\/igfae.usc.es\\\/igfae\\\/#\\\/schema\\\/logo\\\/image\\\/\",\"url\":\"https:\\\/\\\/igfae.usc.es\\\/igfae\\\/wp-content\\\/uploads\\\/2025\\\/04\\\/seo-igfae.jpg\",\"contentUrl\":\"https:\\\/\\\/igfae.usc.es\\\/igfae\\\/wp-content\\\/uploads\\\/2025\\\/04\\\/seo-igfae.jpg\",\"width\":1920,\"height\":1280,\"caption\":\"Instituto Galego de F\u00edsica de Altas Enerx\u00edas\"},\"image\":{\"@id\":\"https:\\\/\\\/igfae.usc.es\\\/igfae\\\/#\\\/schema\\\/logo\\\/image\\\/\"},\"sameAs\":[\"https:\\\/\\\/x.com\\\/IGFAE_HEP\"]},{\"@type\":\"Person\",\"@id\":\"https:\\\/\\\/igfae.usc.es\\\/igfae\\\/#\\\/schema\\\/person\\\/7edb28d4e85fc09a1d4a05dd2b844174\",\"name\":\"Manuel\",\"image\":{\"@type\":\"ImageObject\",\"inLanguage\":\"gl-ES\",\"@id\":\"https:\\\/\\\/secure.gravatar.com\\\/avatar\\\/92b6d25b24eb9115f11ff9585492998eef62b80c7a05fd1ccd3f44ea80f2cffb?s=96&d=mm&r=g\",\"url\":\"https:\\\/\\\/secure.gravatar.com\\\/avatar\\\/92b6d25b24eb9115f11ff9585492998eef62b80c7a05fd1ccd3f44ea80f2cffb?s=96&d=mm&r=g\",\"contentUrl\":\"https:\\\/\\\/secure.gravatar.com\\\/avatar\\\/92b6d25b24eb9115f11ff9585492998eef62b80c7a05fd1ccd3f44ea80f2cffb?s=96&d=mm&r=g\",\"caption\":\"Manuel\"},\"url\":\"https:\\\/\\\/igfae.usc.es\\\/igfae\\\/author\\\/manuelrey-pan\\\/\"}]}<\/script>\n<!-- \/ Yoast SEO plugin. -->","yoast_head_json":{"title":"Unha conversa sobre as interacci\u00f3ns entre a ciencia e a creatividade art\u00edstica pon o colof\u00f3n a \u201cInstrumentos de Visi\u00f3n\u201d","description":"- A exposici\u00f3n do artista Armin Linke, froito da colaboraci\u00f3n entre o IGFAE e Arts at CERN, finaliza a s\u00faa estad\u00eda en Santiago este s\u00e1bado 21 de setembro, despois de recibir m\u00e1is de 40.000 visitas","robots":{"index":"index","follow":"follow","max-snippet":"max-snippet:-1","max-image-preview":"max-image-preview:large","max-video-preview":"max-video-preview:-1"},"canonical":"https:\/\/igfae.usc.es\/igfae\/conversa-colofon-instrumentos-de-vision\/","og_locale":"gl_ES","og_type":"article","og_title":"Unha conversa sobre as interacci\u00f3ns entre a ciencia e a creatividade art\u00edstica pon o colof\u00f3n a \u201cInstrumentos de Visi\u00f3n\u201d","og_description":"- A exposici\u00f3n do artista Armin Linke, froito da colaboraci\u00f3n entre o IGFAE e Arts at CERN, finaliza a s\u00faa estad\u00eda en Santiago este s\u00e1bado 21 de setembro, despois de recibir m\u00e1is de 40.000 visitas","og_url":"https:\/\/igfae.usc.es\/igfae\/conversa-colofon-instrumentos-de-vision\/","og_site_name":"IGFAE","article_published_time":"2024-09-17T12:59:23+00:00","article_modified_time":"2024-12-30T07:55:08+00:00","og_image":[{"width":1500,"height":1000,"url":"https:\/\/igfae.usc.es\/igfae\/wp-content\/uploads\/2024\/09\/Instrumentos-de-Vision_17_09_24.jpg","type":"image\/jpeg"}],"author":"Manuel","twitter_card":"summary_large_image","twitter_creator":"@IGFAE_HEP","twitter_site":"@IGFAE_HEP","twitter_misc":{"Escrito por":"Manuel","Tempo de lectura":"4 minutos"},"schema":{"@context":"https:\/\/schema.org","@graph":[{"@type":"Article","@id":"https:\/\/igfae.usc.es\/igfae\/conversa-colofon-instrumentos-de-vision\/#article","isPartOf":{"@id":"https:\/\/igfae.usc.es\/igfae\/conversa-colofon-instrumentos-de-vision\/"},"author":{"name":"Manuel","@id":"https:\/\/igfae.usc.es\/igfae\/#\/schema\/person\/7edb28d4e85fc09a1d4a05dd2b844174"},"headline":"Unha conversa sobre as interacci\u00f3ns entre a ciencia e a creatividade art\u00edstica pon o colof\u00f3n a \u201cInstrumentos de Visi\u00f3n\u201d","datePublished":"2024-09-17T12:59:23+00:00","dateModified":"2024-12-30T07:55:08+00:00","mainEntityOfPage":{"@id":"https:\/\/igfae.usc.es\/igfae\/conversa-colofon-instrumentos-de-vision\/"},"wordCount":790,"publisher":{"@id":"https:\/\/igfae.usc.es\/igfae\/#organization"},"image":{"@id":"https:\/\/igfae.usc.es\/igfae\/conversa-colofon-instrumentos-de-vision\/#primaryimage"},"thumbnailUrl":"https:\/\/igfae.usc.es\/igfae\/wp-content\/uploads\/2024\/09\/Instrumentos-de-Vision_17_09_24.jpg","articleSection":["ArtLab","Novas"],"inLanguage":"gl-ES"},{"@type":"WebPage","@id":"https:\/\/igfae.usc.es\/igfae\/conversa-colofon-instrumentos-de-vision\/","url":"https:\/\/igfae.usc.es\/igfae\/conversa-colofon-instrumentos-de-vision\/","name":"Unha conversa sobre as interacci\u00f3ns entre a ciencia e a creatividade art\u00edstica pon o colof\u00f3n a \u201cInstrumentos de Visi\u00f3n\u201d","isPartOf":{"@id":"https:\/\/igfae.usc.es\/igfae\/#website"},"primaryImageOfPage":{"@id":"https:\/\/igfae.usc.es\/igfae\/conversa-colofon-instrumentos-de-vision\/#primaryimage"},"image":{"@id":"https:\/\/igfae.usc.es\/igfae\/conversa-colofon-instrumentos-de-vision\/#primaryimage"},"thumbnailUrl":"https:\/\/igfae.usc.es\/igfae\/wp-content\/uploads\/2024\/09\/Instrumentos-de-Vision_17_09_24.jpg","datePublished":"2024-09-17T12:59:23+00:00","dateModified":"2024-12-30T07:55:08+00:00","description":"- A exposici\u00f3n do artista Armin Linke, froito da colaboraci\u00f3n entre o IGFAE e Arts at CERN, finaliza a s\u00faa estad\u00eda en Santiago este s\u00e1bado 21 de setembro, despois de recibir m\u00e1is de 40.000 visitas","breadcrumb":{"@id":"https:\/\/igfae.usc.es\/igfae\/conversa-colofon-instrumentos-de-vision\/#breadcrumb"},"inLanguage":"gl-ES","potentialAction":[{"@type":"ReadAction","target":["https:\/\/igfae.usc.es\/igfae\/conversa-colofon-instrumentos-de-vision\/"]}]},{"@type":"ImageObject","inLanguage":"gl-ES","@id":"https:\/\/igfae.usc.es\/igfae\/conversa-colofon-instrumentos-de-vision\/#primaryimage","url":"https:\/\/igfae.usc.es\/igfae\/wp-content\/uploads\/2024\/09\/Instrumentos-de-Vision_17_09_24.jpg","contentUrl":"https:\/\/igfae.usc.es\/igfae\/wp-content\/uploads\/2024\/09\/Instrumentos-de-Vision_17_09_24.jpg","width":1500,"height":1000},{"@type":"BreadcrumbList","@id":"https:\/\/igfae.usc.es\/igfae\/conversa-colofon-instrumentos-de-vision\/#breadcrumb","itemListElement":[{"@type":"ListItem","position":1,"name":"Inicio","item":"https:\/\/igfae.usc.es\/igfae\/"},{"@type":"ListItem","position":2,"name":"Unha conversa sobre as interacci\u00f3ns entre a ciencia e a creatividade art\u00edstica pon o colof\u00f3n a \u201cInstrumentos de Visi\u00f3n\u201d"}]},{"@type":"WebSite","@id":"https:\/\/igfae.usc.es\/igfae\/#website","url":"https:\/\/igfae.usc.es\/igfae\/","name":"IGFAE","description":"Instituto Galego de F\u00edsica de Altas Enerx\u00edas","publisher":{"@id":"https:\/\/igfae.usc.es\/igfae\/#organization"},"potentialAction":[{"@type":"SearchAction","target":{"@type":"EntryPoint","urlTemplate":"https:\/\/igfae.usc.es\/igfae\/?s={search_term_string}"},"query-input":{"@type":"PropertyValueSpecification","valueRequired":true,"valueName":"search_term_string"}}],"inLanguage":"gl-ES"},{"@type":"Organization","@id":"https:\/\/igfae.usc.es\/igfae\/#organization","name":"Instituto Galego de F\u00edsica de Altas Enerx\u00edas","url":"https:\/\/igfae.usc.es\/igfae\/","logo":{"@type":"ImageObject","inLanguage":"gl-ES","@id":"https:\/\/igfae.usc.es\/igfae\/#\/schema\/logo\/image\/","url":"https:\/\/igfae.usc.es\/igfae\/wp-content\/uploads\/2025\/04\/seo-igfae.jpg","contentUrl":"https:\/\/igfae.usc.es\/igfae\/wp-content\/uploads\/2025\/04\/seo-igfae.jpg","width":1920,"height":1280,"caption":"Instituto Galego de F\u00edsica de Altas Enerx\u00edas"},"image":{"@id":"https:\/\/igfae.usc.es\/igfae\/#\/schema\/logo\/image\/"},"sameAs":["https:\/\/x.com\/IGFAE_HEP"]},{"@type":"Person","@id":"https:\/\/igfae.usc.es\/igfae\/#\/schema\/person\/7edb28d4e85fc09a1d4a05dd2b844174","name":"Manuel","image":{"@type":"ImageObject","inLanguage":"gl-ES","@id":"https:\/\/secure.gravatar.com\/avatar\/92b6d25b24eb9115f11ff9585492998eef62b80c7a05fd1ccd3f44ea80f2cffb?s=96&d=mm&r=g","url":"https:\/\/secure.gravatar.com\/avatar\/92b6d25b24eb9115f11ff9585492998eef62b80c7a05fd1ccd3f44ea80f2cffb?s=96&d=mm&r=g","contentUrl":"https:\/\/secure.gravatar.com\/avatar\/92b6d25b24eb9115f11ff9585492998eef62b80c7a05fd1ccd3f44ea80f2cffb?s=96&d=mm&r=g","caption":"Manuel"},"url":"https:\/\/igfae.usc.es\/igfae\/author\/manuelrey-pan\/"}]}},"_links":{"self":[{"href":"https:\/\/igfae.usc.es\/igfae\/wp-json\/wp\/v2\/posts\/17655","targetHints":{"allow":["GET"]}}],"collection":[{"href":"https:\/\/igfae.usc.es\/igfae\/wp-json\/wp\/v2\/posts"}],"about":[{"href":"https:\/\/igfae.usc.es\/igfae\/wp-json\/wp\/v2\/types\/post"}],"author":[{"embeddable":true,"href":"https:\/\/igfae.usc.es\/igfae\/wp-json\/wp\/v2\/users\/11"}],"replies":[{"embeddable":true,"href":"https:\/\/igfae.usc.es\/igfae\/wp-json\/wp\/v2\/comments?post=17655"}],"version-history":[{"count":1,"href":"https:\/\/igfae.usc.es\/igfae\/wp-json\/wp\/v2\/posts\/17655\/revisions"}],"predecessor-version":[{"id":17772,"href":"https:\/\/igfae.usc.es\/igfae\/wp-json\/wp\/v2\/posts\/17655\/revisions\/17772"}],"wp:featuredmedia":[{"embeddable":true,"href":"https:\/\/igfae.usc.es\/igfae\/wp-json\/wp\/v2\/media\/18850"}],"wp:attachment":[{"href":"https:\/\/igfae.usc.es\/igfae\/wp-json\/wp\/v2\/media?parent=17655"}],"wp:term":[{"taxonomy":"category","embeddable":true,"href":"https:\/\/igfae.usc.es\/igfae\/wp-json\/wp\/v2\/categories?post=17655"}],"curies":[{"name":"wp","href":"https:\/\/api.w.org\/{rel}","templated":true}]}}