{"id":4745,"date":"2019-10-04T13:20:57","date_gmt":"2019-10-04T11:20:57","guid":{"rendered":"https:\/\/igfae.usc.es\/centrosingular\/jose-edelstein-gana-el-prismas-2019-al-mejor-libro-de-divulgacion-cientifica\/"},"modified":"2024-04-12T14:22:44","modified_gmt":"2024-04-12T12:22:44","slug":"jose-edelstein-gana-el-prismas-2019-al-mejor-libro-de-divulgacion-cientifica","status":"publish","type":"post","link":"https:\/\/igfae.usc.es\/igfae\/es\/jose-edelstein-gana-el-prismas-2019-al-mejor-libro-de-divulgacion-cientifica\/","title":{"rendered":"Jos\u00e9 Edelstein gana el &#8220;Prismas 2019&#8221; al mejor libro de divulgaci\u00f3n cient\u00edfica"},"content":{"rendered":"<p>El investigador del IGFAE y profesor de la USC Jos\u00e9 Edelstein ha sido galardonado con el premio m\u00e1s prestigioso en cultura cient\u00edfica de Espa\u00f1a, el<strong> <a href=\"http:\/\/www.coruna.gal\/mc2\/es\/detalle\/fallo-del-premio-prismas-a-la-divulgacion-2019\/suceso\/1453706979244\">&#8220;Prismas 2019&#8221;<\/a><\/strong> al <strong>mejor libro de divulgaci\u00f3n<\/strong>, por su obra \u201c<strong>Einstein para perplejos<\/strong>\u201d. Escrito junto al f\u00edsico chileno Andr\u00e9s Gomberoff, el jurado de esta XXXII edici\u00f3n destac\u00f3 que la obra \u201cpresenta un tema ya tratado profusamente desde una perspectiva original\u201d.<\/p>\n<p>Seg\u00fan los autores, <strong>Albert Einstein<\/strong> es un modelo universal de inteligencia, humanidad e imaginaci\u00f3n, pero su obra ha permanecido distante para el p\u00fablico general. Con \u201cEinstein para perplejos\u201d, buscan revertir esta situaci\u00f3n. Para ello abordan el contexto hist\u00f3rico e intelectual en el que se originaron las ideas de Einstein y tambi\u00e9n el legado que dej\u00f3 tras su muerte, mostrando en su tiempo y en el actual a un cient\u00edfico que, entre otras cosas, predijo hace cien a\u00f1os la existencia de <strong>ondas gravitacionales<\/strong> que recientemente han revolucionado a la astronom\u00eda.<\/p>\n<p>\u201cEstoy feliz con el premio recibido por un libro tan significativo para mi. La importancia de un premio se define por su palmar\u00e9s, y el de los Prismas es extraordinario: Stephen Jay Gould, Jared Diamond, Edward O. Wilson, Richard Dawkins, entre tanta otra gente a la que admiro. No puedo estar m\u00e1s encantado\u201d, afirma Jos\u00e9 Edelstein.<\/p>\n<p>La labor divulgativa de investigador ha sido galardonada en varias concursos nacionales e internacionales, entre los que destacan el premio \u201cRa\u00edces\u201d del Ministerio de Ciencia y Tecnolog\u00eda de Argentina en 2018, el premio de Divulgaci\u00f3n Cient\u00edfica del Centro Espa\u00f1ol de F\u00edsica de Part\u00edculas, Astropart\u00edculas y Nuclear (CPAN) en 2010, 2011, 2013, 2015 y 2016, el Premio de Comunicaci\u00f3n Cient\u00edfica de la Fundaci\u00f3n Espa\u00f1ola para la Ciencia y la Tecnolog\u00eda (FECYT) en 2012 y diversas menciones de honor en el Concurso Internacional Ciencia en Acci\u00f3n.<\/p>\n<p>El jurado decidi\u00f3 otorgar los Primas 2019 despu\u00e9s de las reuniones celebradas durante el 28 y 29 de septiembre. Fue presidido por el investigador del CSIC Lluis Montoliu, y ha contado con la profesora titular de la Universidad de A Coru\u00f1a Esther Rodr\u00edguez Belmonte, la responsable de eLearning en el Centro de Supercomputaci\u00f3n de Galicia Mar\u00eda Jos\u00e9 Rodr\u00edguez Malmierca, el periodista cient\u00edfico en Materia Javier Salas Quesada, la investigadora y comunicadora cient\u00edfica Marta Palomo de Udaeta, y el responsable de la unidad Fomento de la cultura cient\u00edfica de la FECYT C\u00e9sar L\u00f3pez Garc\u00eda. El jefe de servicio de los Museos Cient\u00edficos Coru\u00f1eses Marcos P\u00e9rez Maldonado actu\u00f3 como secretario.<\/p>\n<p>Los Prismas Casa de las Ciencias a la Divulgaci\u00f3n son una iniciativa de los Museos Cient\u00edficos Coru\u00f1eses (Ayuntamiento de A Coru\u00f1a) para premiar la difusi\u00f3n de la cultura cient\u00edfica, y para apoyar a todos los profesionales que trabajan en este campo.<\/p>\n","protected":false},"excerpt":{"rendered":"<p>El investigador del IGFAE y profesor de la USC Jos\u00e9 Edelstein ha sido galardonado con el premio m\u00e1s prestigioso en cultura cient\u00edfica de Espa\u00f1a, el &#8220;Prismas 2019&#8221; al mejor libro de divulgaci\u00f3n, por su obra \u201cEinstein para perplejos\u201d. Escrito junto al f\u00edsico chileno Andr\u00e9s Gomberoff, el jurado de esta XXXII edici\u00f3n destac\u00f3 que la obra [&hellip;]<\/p>\n","protected":false},"author":7,"featured_media":4668,"comment_status":"closed","ping_status":"closed","sticky":false,"template":"","format":"standard","meta":{"_acf_changed":false,"footnotes":""},"categories":[250,215],"class_list":["post-4745","post","type-post","status-publish","format-standard","has-post-thumbnail","hentry","category-divulgacion-es","category-noticias-3"],"acf":[],"yoast_head":"<!-- This site is optimized with the Yoast SEO plugin v27.5 - https:\/\/yoast.com\/product\/yoast-seo-wordpress\/ -->\n<title>Jos\u00e9 Edelstein gana el &quot;Prismas 2019&quot; al mejor libro de divulgaci\u00f3n cient\u00edfica - IGFAE<\/title>\n<meta name=\"robots\" content=\"index, follow, max-snippet:-1, max-image-preview:large, max-video-preview:-1\" \/>\n<link rel=\"canonical\" href=\"https:\/\/igfae.usc.es\/igfae\/es\/jose-edelstein-gana-el-prismas-2019-al-mejor-libro-de-divulgacion-cientifica\/\" \/>\n<meta property=\"og:locale\" content=\"es_ES\" \/>\n<meta property=\"og:type\" content=\"article\" \/>\n<meta property=\"og:title\" content=\"Jos\u00e9 Edelstein gana el &quot;Prismas 2019&quot; al mejor libro de divulgaci\u00f3n cient\u00edfica - IGFAE\" \/>\n<meta property=\"og:description\" content=\"El investigador del IGFAE y profesor de la USC Jos\u00e9 Edelstein ha sido galardonado con el premio m\u00e1s prestigioso en cultura cient\u00edfica de Espa\u00f1a, el &#8220;Prismas 2019&#8221; al mejor libro de divulgaci\u00f3n, por su obra \u201cEinstein para perplejos\u201d. Escrito junto al f\u00edsico chileno Andr\u00e9s Gomberoff, el jurado de esta XXXII edici\u00f3n destac\u00f3 que la obra [&hellip;]\" \/>\n<meta property=\"og:url\" content=\"https:\/\/igfae.usc.es\/igfae\/es\/jose-edelstein-gana-el-prismas-2019-al-mejor-libro-de-divulgacion-cientifica\/\" \/>\n<meta property=\"og:site_name\" content=\"IGFAE\" \/>\n<meta property=\"article:published_time\" content=\"2019-10-04T11:20:57+00:00\" \/>\n<meta property=\"article:modified_time\" content=\"2024-04-12T12:22:44+00:00\" \/>\n<meta property=\"og:image\" content=\"https:\/\/igfae.usc.es\/igfae\/wp-content\/uploads\/2019\/10\/Prismas2019_2-2-1.jpg\" \/>\n\t<meta property=\"og:image:width\" content=\"860\" \/>\n\t<meta property=\"og:image:height\" content=\"484\" \/>\n\t<meta property=\"og:image:type\" content=\"image\/jpeg\" \/>\n<meta name=\"author\" content=\"Elena Mora Cuesta\" \/>\n<meta name=\"twitter:card\" content=\"summary_large_image\" \/>\n<meta name=\"twitter:creator\" content=\"@IGFAE_HEP\" \/>\n<meta name=\"twitter:site\" content=\"@IGFAE_HEP\" \/>\n<meta name=\"twitter:label1\" content=\"Written by\" \/>\n\t<meta name=\"twitter:data1\" content=\"Elena Mora Cuesta\" \/>\n\t<meta name=\"twitter:label2\" content=\"Est. reading time\" \/>\n\t<meta name=\"twitter:data2\" content=\"2 minutes\" \/>\n<script type=\"application\/ld+json\" class=\"yoast-schema-graph\">{\"@context\":\"https:\\\/\\\/schema.org\",\"@graph\":[{\"@type\":\"Article\",\"@id\":\"https:\\\/\\\/igfae.usc.es\\\/igfae\\\/es\\\/jose-edelstein-gana-el-prismas-2019-al-mejor-libro-de-divulgacion-cientifica\\\/#article\",\"isPartOf\":{\"@id\":\"https:\\\/\\\/igfae.usc.es\\\/igfae\\\/es\\\/jose-edelstein-gana-el-prismas-2019-al-mejor-libro-de-divulgacion-cientifica\\\/\"},\"author\":{\"name\":\"Elena Mora Cuesta\",\"@id\":\"https:\\\/\\\/igfae.usc.es\\\/igfae\\\/#\\\/schema\\\/person\\\/03238a787eb5532104d25835b57917be\"},\"headline\":\"Jos\u00e9 Edelstein gana el &#8220;Prismas 2019&#8221; al mejor libro de divulgaci\u00f3n cient\u00edfica\",\"datePublished\":\"2019-10-04T11:20:57+00:00\",\"dateModified\":\"2024-04-12T12:22:44+00:00\",\"mainEntityOfPage\":{\"@id\":\"https:\\\/\\\/igfae.usc.es\\\/igfae\\\/es\\\/jose-edelstein-gana-el-prismas-2019-al-mejor-libro-de-divulgacion-cientifica\\\/\"},\"wordCount\":498,\"publisher\":{\"@id\":\"https:\\\/\\\/igfae.usc.es\\\/igfae\\\/#organization\"},\"image\":{\"@id\":\"https:\\\/\\\/igfae.usc.es\\\/igfae\\\/es\\\/jose-edelstein-gana-el-prismas-2019-al-mejor-libro-de-divulgacion-cientifica\\\/#primaryimage\"},\"thumbnailUrl\":\"https:\\\/\\\/igfae.usc.es\\\/igfae\\\/wp-content\\\/uploads\\\/2019\\\/10\\\/Prismas2019_2-2-1.jpg\",\"articleSection\":[\"Divulgaci\u00f3n\",\"Noticias\"],\"inLanguage\":\"es-ES\"},{\"@type\":\"WebPage\",\"@id\":\"https:\\\/\\\/igfae.usc.es\\\/igfae\\\/es\\\/jose-edelstein-gana-el-prismas-2019-al-mejor-libro-de-divulgacion-cientifica\\\/\",\"url\":\"https:\\\/\\\/igfae.usc.es\\\/igfae\\\/es\\\/jose-edelstein-gana-el-prismas-2019-al-mejor-libro-de-divulgacion-cientifica\\\/\",\"name\":\"Jos\u00e9 Edelstein gana el \\\"Prismas 2019\\\" al mejor libro de divulgaci\u00f3n cient\u00edfica - IGFAE\",\"isPartOf\":{\"@id\":\"https:\\\/\\\/igfae.usc.es\\\/igfae\\\/#website\"},\"primaryImageOfPage\":{\"@id\":\"https:\\\/\\\/igfae.usc.es\\\/igfae\\\/es\\\/jose-edelstein-gana-el-prismas-2019-al-mejor-libro-de-divulgacion-cientifica\\\/#primaryimage\"},\"image\":{\"@id\":\"https:\\\/\\\/igfae.usc.es\\\/igfae\\\/es\\\/jose-edelstein-gana-el-prismas-2019-al-mejor-libro-de-divulgacion-cientifica\\\/#primaryimage\"},\"thumbnailUrl\":\"https:\\\/\\\/igfae.usc.es\\\/igfae\\\/wp-content\\\/uploads\\\/2019\\\/10\\\/Prismas2019_2-2-1.jpg\",\"datePublished\":\"2019-10-04T11:20:57+00:00\",\"dateModified\":\"2024-04-12T12:22:44+00:00\",\"breadcrumb\":{\"@id\":\"https:\\\/\\\/igfae.usc.es\\\/igfae\\\/es\\\/jose-edelstein-gana-el-prismas-2019-al-mejor-libro-de-divulgacion-cientifica\\\/#breadcrumb\"},\"inLanguage\":\"es-ES\",\"potentialAction\":[{\"@type\":\"ReadAction\",\"target\":[\"https:\\\/\\\/igfae.usc.es\\\/igfae\\\/es\\\/jose-edelstein-gana-el-prismas-2019-al-mejor-libro-de-divulgacion-cientifica\\\/\"]}]},{\"@type\":\"ImageObject\",\"inLanguage\":\"es-ES\",\"@id\":\"https:\\\/\\\/igfae.usc.es\\\/igfae\\\/es\\\/jose-edelstein-gana-el-prismas-2019-al-mejor-libro-de-divulgacion-cientifica\\\/#primaryimage\",\"url\":\"https:\\\/\\\/igfae.usc.es\\\/igfae\\\/wp-content\\\/uploads\\\/2019\\\/10\\\/Prismas2019_2-2-1.jpg\",\"contentUrl\":\"https:\\\/\\\/igfae.usc.es\\\/igfae\\\/wp-content\\\/uploads\\\/2019\\\/10\\\/Prismas2019_2-2-1.jpg\",\"width\":860,\"height\":484},{\"@type\":\"BreadcrumbList\",\"@id\":\"https:\\\/\\\/igfae.usc.es\\\/igfae\\\/es\\\/jose-edelstein-gana-el-prismas-2019-al-mejor-libro-de-divulgacion-cientifica\\\/#breadcrumb\",\"itemListElement\":[{\"@type\":\"ListItem\",\"position\":1,\"name\":\"Inicio\",\"item\":\"https:\\\/\\\/igfae.usc.es\\\/igfae\\\/es\\\/\"},{\"@type\":\"ListItem\",\"position\":2,\"name\":\"Jos\u00e9 Edelstein gana el &#8220;Prismas 2019&#8221; al mejor libro de divulgaci\u00f3n cient\u00edfica\"}]},{\"@type\":\"WebSite\",\"@id\":\"https:\\\/\\\/igfae.usc.es\\\/igfae\\\/#website\",\"url\":\"https:\\\/\\\/igfae.usc.es\\\/igfae\\\/\",\"name\":\"IGFAE\",\"description\":\"Instituto Galego de F\u00edsica de Altas Enerx\u00edas\",\"publisher\":{\"@id\":\"https:\\\/\\\/igfae.usc.es\\\/igfae\\\/#organization\"},\"potentialAction\":[{\"@type\":\"SearchAction\",\"target\":{\"@type\":\"EntryPoint\",\"urlTemplate\":\"https:\\\/\\\/igfae.usc.es\\\/igfae\\\/?s={search_term_string}\"},\"query-input\":{\"@type\":\"PropertyValueSpecification\",\"valueRequired\":true,\"valueName\":\"search_term_string\"}}],\"inLanguage\":\"es-ES\"},{\"@type\":\"Organization\",\"@id\":\"https:\\\/\\\/igfae.usc.es\\\/igfae\\\/#organization\",\"name\":\"Instituto Galego de F\u00edsica de Altas Enerx\u00edas\",\"url\":\"https:\\\/\\\/igfae.usc.es\\\/igfae\\\/\",\"logo\":{\"@type\":\"ImageObject\",\"inLanguage\":\"es-ES\",\"@id\":\"https:\\\/\\\/igfae.usc.es\\\/igfae\\\/#\\\/schema\\\/logo\\\/image\\\/\",\"url\":\"https:\\\/\\\/igfae.usc.es\\\/igfae\\\/wp-content\\\/uploads\\\/2025\\\/04\\\/seo-igfae.jpg\",\"contentUrl\":\"https:\\\/\\\/igfae.usc.es\\\/igfae\\\/wp-content\\\/uploads\\\/2025\\\/04\\\/seo-igfae.jpg\",\"width\":1920,\"height\":1280,\"caption\":\"Instituto Galego de F\u00edsica de Altas Enerx\u00edas\"},\"image\":{\"@id\":\"https:\\\/\\\/igfae.usc.es\\\/igfae\\\/#\\\/schema\\\/logo\\\/image\\\/\"},\"sameAs\":[\"https:\\\/\\\/x.com\\\/IGFAE_HEP\"]},{\"@type\":\"Person\",\"@id\":\"https:\\\/\\\/igfae.usc.es\\\/igfae\\\/#\\\/schema\\\/person\\\/03238a787eb5532104d25835b57917be\",\"name\":\"Elena Mora Cuesta\",\"image\":{\"@type\":\"ImageObject\",\"inLanguage\":\"es-ES\",\"@id\":\"https:\\\/\\\/secure.gravatar.com\\\/avatar\\\/af27da01b0197b45e65c5953d7bf96127f31ba13f9cfc71b2bcea6fa310d79c8?s=96&d=mm&r=g\",\"url\":\"https:\\\/\\\/secure.gravatar.com\\\/avatar\\\/af27da01b0197b45e65c5953d7bf96127f31ba13f9cfc71b2bcea6fa310d79c8?s=96&d=mm&r=g\",\"contentUrl\":\"https:\\\/\\\/secure.gravatar.com\\\/avatar\\\/af27da01b0197b45e65c5953d7bf96127f31ba13f9cfc71b2bcea6fa310d79c8?s=96&d=mm&r=g\",\"caption\":\"Elena Mora Cuesta\"},\"url\":\"https:\\\/\\\/igfae.usc.es\\\/igfae\\\/es\\\/author\\\/elena-mora-cuesta\\\/\"}]}<\/script>\n<!-- \/ Yoast SEO plugin. -->","yoast_head_json":{"title":"Jos\u00e9 Edelstein gana el \"Prismas 2019\" al mejor libro de divulgaci\u00f3n cient\u00edfica - IGFAE","robots":{"index":"index","follow":"follow","max-snippet":"max-snippet:-1","max-image-preview":"max-image-preview:large","max-video-preview":"max-video-preview:-1"},"canonical":"https:\/\/igfae.usc.es\/igfae\/es\/jose-edelstein-gana-el-prismas-2019-al-mejor-libro-de-divulgacion-cientifica\/","og_locale":"es_ES","og_type":"article","og_title":"Jos\u00e9 Edelstein gana el \"Prismas 2019\" al mejor libro de divulgaci\u00f3n cient\u00edfica - IGFAE","og_description":"El investigador del IGFAE y profesor de la USC Jos\u00e9 Edelstein ha sido galardonado con el premio m\u00e1s prestigioso en cultura cient\u00edfica de Espa\u00f1a, el &#8220;Prismas 2019&#8221; al mejor libro de divulgaci\u00f3n, por su obra \u201cEinstein para perplejos\u201d. Escrito junto al f\u00edsico chileno Andr\u00e9s Gomberoff, el jurado de esta XXXII edici\u00f3n destac\u00f3 que la obra [&hellip;]","og_url":"https:\/\/igfae.usc.es\/igfae\/es\/jose-edelstein-gana-el-prismas-2019-al-mejor-libro-de-divulgacion-cientifica\/","og_site_name":"IGFAE","article_published_time":"2019-10-04T11:20:57+00:00","article_modified_time":"2024-04-12T12:22:44+00:00","og_image":[{"width":860,"height":484,"url":"https:\/\/igfae.usc.es\/igfae\/wp-content\/uploads\/2019\/10\/Prismas2019_2-2-1.jpg","type":"image\/jpeg"}],"author":"Elena Mora Cuesta","twitter_card":"summary_large_image","twitter_creator":"@IGFAE_HEP","twitter_site":"@IGFAE_HEP","twitter_misc":{"Written by":"Elena Mora Cuesta","Est. reading time":"2 minutes"},"schema":{"@context":"https:\/\/schema.org","@graph":[{"@type":"Article","@id":"https:\/\/igfae.usc.es\/igfae\/es\/jose-edelstein-gana-el-prismas-2019-al-mejor-libro-de-divulgacion-cientifica\/#article","isPartOf":{"@id":"https:\/\/igfae.usc.es\/igfae\/es\/jose-edelstein-gana-el-prismas-2019-al-mejor-libro-de-divulgacion-cientifica\/"},"author":{"name":"Elena Mora Cuesta","@id":"https:\/\/igfae.usc.es\/igfae\/#\/schema\/person\/03238a787eb5532104d25835b57917be"},"headline":"Jos\u00e9 Edelstein gana el &#8220;Prismas 2019&#8221; al mejor libro de divulgaci\u00f3n cient\u00edfica","datePublished":"2019-10-04T11:20:57+00:00","dateModified":"2024-04-12T12:22:44+00:00","mainEntityOfPage":{"@id":"https:\/\/igfae.usc.es\/igfae\/es\/jose-edelstein-gana-el-prismas-2019-al-mejor-libro-de-divulgacion-cientifica\/"},"wordCount":498,"publisher":{"@id":"https:\/\/igfae.usc.es\/igfae\/#organization"},"image":{"@id":"https:\/\/igfae.usc.es\/igfae\/es\/jose-edelstein-gana-el-prismas-2019-al-mejor-libro-de-divulgacion-cientifica\/#primaryimage"},"thumbnailUrl":"https:\/\/igfae.usc.es\/igfae\/wp-content\/uploads\/2019\/10\/Prismas2019_2-2-1.jpg","articleSection":["Divulgaci\u00f3n","Noticias"],"inLanguage":"es-ES"},{"@type":"WebPage","@id":"https:\/\/igfae.usc.es\/igfae\/es\/jose-edelstein-gana-el-prismas-2019-al-mejor-libro-de-divulgacion-cientifica\/","url":"https:\/\/igfae.usc.es\/igfae\/es\/jose-edelstein-gana-el-prismas-2019-al-mejor-libro-de-divulgacion-cientifica\/","name":"Jos\u00e9 Edelstein gana el \"Prismas 2019\" al mejor libro de divulgaci\u00f3n cient\u00edfica - IGFAE","isPartOf":{"@id":"https:\/\/igfae.usc.es\/igfae\/#website"},"primaryImageOfPage":{"@id":"https:\/\/igfae.usc.es\/igfae\/es\/jose-edelstein-gana-el-prismas-2019-al-mejor-libro-de-divulgacion-cientifica\/#primaryimage"},"image":{"@id":"https:\/\/igfae.usc.es\/igfae\/es\/jose-edelstein-gana-el-prismas-2019-al-mejor-libro-de-divulgacion-cientifica\/#primaryimage"},"thumbnailUrl":"https:\/\/igfae.usc.es\/igfae\/wp-content\/uploads\/2019\/10\/Prismas2019_2-2-1.jpg","datePublished":"2019-10-04T11:20:57+00:00","dateModified":"2024-04-12T12:22:44+00:00","breadcrumb":{"@id":"https:\/\/igfae.usc.es\/igfae\/es\/jose-edelstein-gana-el-prismas-2019-al-mejor-libro-de-divulgacion-cientifica\/#breadcrumb"},"inLanguage":"es-ES","potentialAction":[{"@type":"ReadAction","target":["https:\/\/igfae.usc.es\/igfae\/es\/jose-edelstein-gana-el-prismas-2019-al-mejor-libro-de-divulgacion-cientifica\/"]}]},{"@type":"ImageObject","inLanguage":"es-ES","@id":"https:\/\/igfae.usc.es\/igfae\/es\/jose-edelstein-gana-el-prismas-2019-al-mejor-libro-de-divulgacion-cientifica\/#primaryimage","url":"https:\/\/igfae.usc.es\/igfae\/wp-content\/uploads\/2019\/10\/Prismas2019_2-2-1.jpg","contentUrl":"https:\/\/igfae.usc.es\/igfae\/wp-content\/uploads\/2019\/10\/Prismas2019_2-2-1.jpg","width":860,"height":484},{"@type":"BreadcrumbList","@id":"https:\/\/igfae.usc.es\/igfae\/es\/jose-edelstein-gana-el-prismas-2019-al-mejor-libro-de-divulgacion-cientifica\/#breadcrumb","itemListElement":[{"@type":"ListItem","position":1,"name":"Inicio","item":"https:\/\/igfae.usc.es\/igfae\/es\/"},{"@type":"ListItem","position":2,"name":"Jos\u00e9 Edelstein gana el &#8220;Prismas 2019&#8221; al mejor libro de divulgaci\u00f3n cient\u00edfica"}]},{"@type":"WebSite","@id":"https:\/\/igfae.usc.es\/igfae\/#website","url":"https:\/\/igfae.usc.es\/igfae\/","name":"IGFAE","description":"Instituto Galego de F\u00edsica de Altas Enerx\u00edas","publisher":{"@id":"https:\/\/igfae.usc.es\/igfae\/#organization"},"potentialAction":[{"@type":"SearchAction","target":{"@type":"EntryPoint","urlTemplate":"https:\/\/igfae.usc.es\/igfae\/?s={search_term_string}"},"query-input":{"@type":"PropertyValueSpecification","valueRequired":true,"valueName":"search_term_string"}}],"inLanguage":"es-ES"},{"@type":"Organization","@id":"https:\/\/igfae.usc.es\/igfae\/#organization","name":"Instituto Galego de F\u00edsica de Altas Enerx\u00edas","url":"https:\/\/igfae.usc.es\/igfae\/","logo":{"@type":"ImageObject","inLanguage":"es-ES","@id":"https:\/\/igfae.usc.es\/igfae\/#\/schema\/logo\/image\/","url":"https:\/\/igfae.usc.es\/igfae\/wp-content\/uploads\/2025\/04\/seo-igfae.jpg","contentUrl":"https:\/\/igfae.usc.es\/igfae\/wp-content\/uploads\/2025\/04\/seo-igfae.jpg","width":1920,"height":1280,"caption":"Instituto Galego de F\u00edsica de Altas Enerx\u00edas"},"image":{"@id":"https:\/\/igfae.usc.es\/igfae\/#\/schema\/logo\/image\/"},"sameAs":["https:\/\/x.com\/IGFAE_HEP"]},{"@type":"Person","@id":"https:\/\/igfae.usc.es\/igfae\/#\/schema\/person\/03238a787eb5532104d25835b57917be","name":"Elena Mora Cuesta","image":{"@type":"ImageObject","inLanguage":"es-ES","@id":"https:\/\/secure.gravatar.com\/avatar\/af27da01b0197b45e65c5953d7bf96127f31ba13f9cfc71b2bcea6fa310d79c8?s=96&d=mm&r=g","url":"https:\/\/secure.gravatar.com\/avatar\/af27da01b0197b45e65c5953d7bf96127f31ba13f9cfc71b2bcea6fa310d79c8?s=96&d=mm&r=g","contentUrl":"https:\/\/secure.gravatar.com\/avatar\/af27da01b0197b45e65c5953d7bf96127f31ba13f9cfc71b2bcea6fa310d79c8?s=96&d=mm&r=g","caption":"Elena Mora Cuesta"},"url":"https:\/\/igfae.usc.es\/igfae\/es\/author\/elena-mora-cuesta\/"}]}},"_links":{"self":[{"href":"https:\/\/igfae.usc.es\/igfae\/es\/wp-json\/wp\/v2\/posts\/4745","targetHints":{"allow":["GET"]}}],"collection":[{"href":"https:\/\/igfae.usc.es\/igfae\/es\/wp-json\/wp\/v2\/posts"}],"about":[{"href":"https:\/\/igfae.usc.es\/igfae\/es\/wp-json\/wp\/v2\/types\/post"}],"author":[{"embeddable":true,"href":"https:\/\/igfae.usc.es\/igfae\/es\/wp-json\/wp\/v2\/users\/7"}],"replies":[{"embeddable":true,"href":"https:\/\/igfae.usc.es\/igfae\/es\/wp-json\/wp\/v2\/comments?post=4745"}],"version-history":[{"count":1,"href":"https:\/\/igfae.usc.es\/igfae\/es\/wp-json\/wp\/v2\/posts\/4745\/revisions"}],"predecessor-version":[{"id":15300,"href":"https:\/\/igfae.usc.es\/igfae\/es\/wp-json\/wp\/v2\/posts\/4745\/revisions\/15300"}],"wp:featuredmedia":[{"embeddable":true,"href":"https:\/\/igfae.usc.es\/igfae\/es\/wp-json\/wp\/v2\/media\/4668"}],"wp:attachment":[{"href":"https:\/\/igfae.usc.es\/igfae\/es\/wp-json\/wp\/v2\/media?parent=4745"}],"wp:term":[{"taxonomy":"category","embeddable":true,"href":"https:\/\/igfae.usc.es\/igfae\/es\/wp-json\/wp\/v2\/categories?post=4745"}],"curies":[{"name":"wp","href":"https:\/\/api.w.org\/{rel}","templated":true}]}}