{"id":24787,"date":"2026-09-03T12:00:31","date_gmt":"2026-09-03T10:00:31","guid":{"rendered":"https:\/\/igfae.usc.es\/igfae\/?p=24787"},"modified":"2026-09-03T14:56:47","modified_gmt":"2026-09-03T12:56:47","slug":"anton-baleato-lizancos-erc-starting-grant","status":"publish","type":"post","link":"https:\/\/igfae.usc.es\/igfae\/es\/anton-baleato-lizancos-erc-starting-grant\/","title":{"rendered":"El cosm\u00f3logo Ant\u00f3n Baleato Lizancos obtiene una ERC Starting Grant para entender por qu\u00e9 se acelera la expansi\u00f3n del universo"},"content":{"rendered":"<p>El cosm\u00f3logo coru\u00f1\u00e9s Ant\u00f3n Baleato Lizancos acaba de obtener la beca Starting Grant del Consejo Europeo de Investigaci\u00f3n (ERC). Desarrollar\u00e1 en el IGFAE el proyecto ACCELLENS, financiado con 2 millones de euros, con el que pretende indagar por qu\u00e9 la expansi\u00f3n del universo se est\u00e1 acelerando. Gracias a la concesi\u00f3n de esta beca, regresa a Galicia despu\u00e9s de desarrollar toda su carrera investigadora en Estados Unidos y el Reino Unido.  <\/p>\n<p>Las becas Starting Grant est\u00e1n dirigidas a personal investigador que est\u00e1 comenzando su equipo o programa de investigaci\u00f3n independiente. El personal beneficiario que lidera los proyectos debe demostrar la naturaleza innovadora, la ambici\u00f3n y la viabilidad de su propuesta cient\u00edfica. Se trata de una de las convocatorias m\u00e1s prestigiosas en el \u00e1mbito europeo, y apoya proyectos de investigaci\u00f3n en la vanguardia del conocimiento liderados por personal investigador entre 2 y 7 a\u00f1os despu\u00e9s de la defensa de la tesis doctoral. Con Ant\u00f3n Baleato, el IGFAE suma su segundo investigador \u2018Starting Grant\u2019, junto a C\u00e9sar Cabrera, que se incorpor\u00f3 al Instituto en el primer semestre de 2026 para desarrollar un proyecto sobre simulaci\u00f3n cu\u00e1ntica. Baleato, que ha sido beneficiario del apoyo a candidatos al ERC del programa Oportunius, podr\u00e1 optar tambi\u00e9n a las pr\u00f3ximas convocatorias de plazas de investigador distinguido del programa Oportunius para la retenci\u00f3n, atracci\u00f3n y retorno de talento investigador.   <\/p>\n<h4><strong>Analizar el fondo c\u00f3smico de microondas y la distribuci\u00f3n de las galaxias<\/strong><\/h4>\n<p>Seg\u00fan explica el investigador, \u201ces de sobra conocido que, desde su comienzo, con el Big Bang, el Universo ha venido expandi\u00e9ndose. Pero lo que es potencialmente m\u00e1s interesante a\u00fan para la F\u00edsica es que, durante los primeros instantes, el ritmo de expansi\u00f3n se vio sujeto a una aceleraci\u00f3n brutal que, despu\u00e9s de una fracci\u00f3n de segundo, desapareci\u00f3\u201d.<\/p>\n<p>El misterio, sin embargo, no acaba ah\u00ed, seg\u00fan resume Ant\u00f3n Baleato: \u201cSeis mil millones de a\u00f1os despu\u00e9s, la aceleraci\u00f3n ha vuelto, y hoy en d\u00eda est\u00e1 causando que el Universo se expanda de manera cada vez m\u00e1s r\u00e1pida. \u00bfPor qu\u00e9? \u00bfCu\u00e1l es el motor de esta aceleraci\u00f3n, y qu\u00e9 revela sobre las leyes fundamentales de la naturaleza?\u201d. Son algunas de las inc\u00f3gnitas que el cosm\u00f3logo gallego pretende resolver en su investigaci\u00f3n. <\/p>\n<p>En este marco, \u201cel proyecto ACCELLENS (acr\u00f3nimo de Cosmic ACCELeration through a new gravitational LENS: the synergy between galaxies and the CMB) busca responder a estos interrogantes explotando sinergias entre la luz m\u00e1s antigua que podemos detectar (el fondo c\u00f3smico de microondas) y la distribuci\u00f3n de galaxias en el Universo\u201d, explica.<\/p>\n<p>Como puente entre ambas fuentes, la investigaci\u00f3n estudiar\u00e1 el conocido como efecto de lente gravitacional. Debido a este efecto, \u201cla masa de las galaxias y la materia oscura que las rodea distorsionan esa luz de fondo, y nos ayudan a comprender mejor de qu\u00e9 est\u00e1 hecho el Universo y c\u00f3mo se est\u00e1 expandiendo\u201d, apunta el investigador. <\/p>\n<p>\u201cAdem\u00e1s \u2014a\u00f1ade Ant\u00f3n Baleato\u2014 es necesario eliminar esas distorsiones para estudiar el Universo primigenio. Aplicando estas t\u00e9cnicas a datos de telescopios punteros como el Simons Observatory y el Dark Energy Spectroscopic Instrument (DESI), el proyecto ACCELLENS pretende revelar el motivo por el que el Universo se expandi\u00f3 de manera acelerada al principio de los tiempos, y por qu\u00e9 lo vuelve a hacer hoy\u201d.<\/p>\n<h4><strong>Ant\u00f3n Baleato Lizancos<\/strong><\/h4>\n<p>Ant\u00f3n Baleato Lizancos se gradu\u00f3 en F\u00edsica por la Universidad de Columbia (EE. UU.), y despu\u00e9s hizo un m\u00e1ster en F\u00edsica Te\u00f3rica y Matem\u00e1ticas en la Universidad de Cambridge (Reino Unido), seguido de un doctorado en cosmolog\u00eda en la misma instituci\u00f3n. Desde 2021 es investigador posdoctoral en la Universidad de Berkeley y el Lawrence Berkeley National Lab (EE. UU.). Recientemente tambi\u00e9n obtuvo la beca posdoctoral Junior Leader de la Fundaci\u00f3n la Caixa, que financia proyectos desarrollados en centros de investigaci\u00f3n de excelencia en Espa\u00f1a o Portugal.  <\/p>\n<p>Ant\u00f3n tiene un papel de liderazgo en el Dark Energy Spectroscopic Instrument (DESI), donde coordina el an\u00e1lisis conjunto de la acumulaci\u00f3n de galaxias junto con la huella que dejan en el fondo c\u00f3smico de microondas a trav\u00e9s de la lente gravitacional. Tambi\u00e9n est\u00e1 muy involucrado en el Simons Observatory (SO), donde lidera el grupo de \u201cdelensing\u201d, que obtendr\u00e1 las mediciones m\u00e1s precisas de la presencia (o no) de ondas gravitacionales generadas instantes despu\u00e9s del Big Bang. En los pr\u00f3ximos a\u00f1os, la alta complementariedad entre DESI y SO promete revelar mucho sobre la naturaleza de la energ\u00eda y la materia oscura, los neutrinos y el Universo primigenio.  <\/p>\n<h4>\u201cLo m\u00e1ximo a lo que pod\u00eda aspirar\u201d<\/h4>\n<p>La obtenci\u00f3n de esta beca supone, en palabras del f\u00edsico coru\u00f1\u00e9s, \u201clo m\u00e1ximo a lo que pod\u00eda aspirar tanto en el plano profesional como en el personal: poder hacer ciencia en condiciones so\u00f1adas, montando un grupo de investigaci\u00f3n fuerte y situado estrat\u00e9gicamente en dos de los experimentos m\u00e1s destacados a nivel mundial, como son el Simons Observatory y DESI\u201d.<\/p>\n<p>Ant\u00f3n tambi\u00e9n destaca la oportunidad de regresar a \u2018casa\u2019 para continuar su carrera: \u201cAdem\u00e1s, poder hacerlo en Galicia, regresando despu\u00e9s de pasar media vida en el extranjero. Me hace especial ilusi\u00f3n incorporarme al IGFAE por el lugar que este ha alcanzado en el tejido cient\u00edfico y cultural de Galicia, y su clara voluntad de seguir creciendo\u201d.<\/p>\n<p>Con la incorporaci\u00f3n del cosm\u00f3logo coru\u00f1\u00e9s, el Instituto recibe un nuevo impulso para su \u00e1rea de investigaci\u00f3n en Part\u00edculas C\u00f3smicas y F\u00edsica Fundamental. En este campo de trabajo tambi\u00e9n se enmarca HERON, otro de los proyectos ERC (en este caso, en la convocatoria Synergy Grant) que se desarrollan en el IGFAE, liderado por Jaime \u00c1lvarez-Mu\u00f1iz. El personal del IGFAE ocupa, adem\u00e1s, posiciones de liderazgo y responsabilidad en grandes colaboraciones de la f\u00edsica de astropart\u00edculas como el Observatorio Pierre Auger, LIGO, NEXT o HyperKamiokande.  <\/p>\n","protected":false},"excerpt":{"rendered":"<p>El cosm\u00f3logo coru\u00f1\u00e9s Ant\u00f3n Baleato Lizancos acaba de obtener la beca Starting Grant del Consejo Europeo de Investigaci\u00f3n (ERC). Desarrollar\u00e1 en el IGFAE el proyecto ACCELLENS, financiado con 2 millones de euros, con el que pretende indagar por qu\u00e9 la expansi\u00f3n del universo se est\u00e1 acelerando. Gracias a la concesi\u00f3n de esta beca, regresa a [&hellip;]<\/p>\n","protected":false},"author":11,"featured_media":24781,"comment_status":"closed","ping_status":"closed","sticky":false,"template":"","format":"standard","meta":{"_acf_changed":false,"footnotes":""},"categories":[215,234],"class_list":["post-24787","post","type-post","status-publish","format-standard","has-post-thumbnail","hentry","category-noticias-3","category-noticias-cientificas-3"],"acf":[],"yoast_head":"<!-- This site is optimized with the Yoast SEO plugin v28.4 - https:\/\/yoast.com\/product\/yoast-seo-wordpress\/ -->\n<title>El cosm\u00f3logo Ant\u00f3n Baleato Lizancos obtiene una ERC Starting Grant para entender por qu\u00e9 se acelera la expansi\u00f3n del universo<\/title>\n<meta name=\"description\" content=\"Se incorporar\u00e1 al IGFAE para desarrollar el proyecto ACCELLENS, analizando datos procedentes del fondo c\u00f3smico de microondas y la distribuci\u00f3n de las galaxias\" \/>\n<meta name=\"robots\" content=\"index, follow, max-snippet:-1, max-image-preview:large, max-video-preview:-1\" \/>\n<link rel=\"canonical\" href=\"https:\/\/igfae.usc.es\/igfae\/es\/anton-baleato-lizancos-erc-starting-grant\/\" \/>\n<meta property=\"og:locale\" content=\"es_ES\" \/>\n<meta property=\"og:type\" content=\"article\" \/>\n<meta property=\"og:title\" content=\"El cosm\u00f3logo Ant\u00f3n Baleato Lizancos obtiene una ERC Starting Grant para entender por qu\u00e9 se acelera la expansi\u00f3n del universo\" \/>\n<meta property=\"og:description\" content=\"Se incorporar\u00e1 al IGFAE para desarrollar el proyecto ACCELLENS, analizando datos procedentes del fondo c\u00f3smico de microondas y la distribuci\u00f3n de las galaxias\" \/>\n<meta property=\"og:url\" content=\"https:\/\/igfae.usc.es\/igfae\/es\/anton-baleato-lizancos-erc-starting-grant\/\" \/>\n<meta property=\"og:site_name\" content=\"IGFAE\" \/>\n<meta property=\"article:published_time\" content=\"2026-09-03T10:00:31+00:00\" \/>\n<meta property=\"article:modified_time\" content=\"2026-09-03T12:56:47+00:00\" \/>\n<meta property=\"og:image\" content=\"https:\/\/igfae.usc.es\/igfae\/wp-content\/uploads\/2026_09_04-ERC-Starting-Grant-Anton-Baleato-Lizancos_web.jpg\" \/>\n\t<meta property=\"og:image:width\" content=\"2500\" \/>\n\t<meta property=\"og:image:height\" content=\"1706\" \/>\n\t<meta property=\"og:image:type\" content=\"image\/jpeg\" \/>\n<meta name=\"author\" content=\"Manuel\" \/>\n<meta name=\"twitter:card\" content=\"summary_large_image\" \/>\n<meta name=\"twitter:creator\" content=\"@IGFAE_HEP\" \/>\n<meta name=\"twitter:site\" content=\"@IGFAE_HEP\" \/>\n<meta name=\"twitter:label1\" content=\"Written by\" \/>\n\t<meta name=\"twitter:data1\" content=\"Manuel\" \/>\n\t<meta name=\"twitter:label2\" content=\"Est. reading time\" \/>\n\t<meta name=\"twitter:data2\" content=\"5 minutes\" \/>\n<script type=\"application\/ld+json\" class=\"yoast-schema-graph\">{\"@context\":\"https:\\\/\\\/schema.org\",\"@graph\":[{\"@type\":\"Article\",\"@id\":\"https:\\\/\\\/igfae.usc.es\\\/igfae\\\/es\\\/anton-baleato-lizancos-erc-starting-grant\\\/#article\",\"isPartOf\":{\"@id\":\"https:\\\/\\\/igfae.usc.es\\\/igfae\\\/es\\\/anton-baleato-lizancos-erc-starting-grant\\\/\"},\"author\":{\"name\":\"Manuel\",\"@id\":\"https:\\\/\\\/igfae.usc.es\\\/igfae\\\/#\\\/schema\\\/person\\\/7edb28d4e85fc09a1d4a05dd2b844174\"},\"headline\":\"El cosm\u00f3logo Ant\u00f3n Baleato Lizancos obtiene una ERC Starting Grant para entender por qu\u00e9 se acelera la expansi\u00f3n del universo\",\"datePublished\":\"2026-09-03T10:00:31+00:00\",\"dateModified\":\"2026-09-03T12:56:47+00:00\",\"mainEntityOfPage\":{\"@id\":\"https:\\\/\\\/igfae.usc.es\\\/igfae\\\/es\\\/anton-baleato-lizancos-erc-starting-grant\\\/\"},\"wordCount\":1060,\"publisher\":{\"@id\":\"https:\\\/\\\/igfae.usc.es\\\/igfae\\\/#organization\"},\"image\":{\"@id\":\"https:\\\/\\\/igfae.usc.es\\\/igfae\\\/es\\\/anton-baleato-lizancos-erc-starting-grant\\\/#primaryimage\"},\"thumbnailUrl\":\"https:\\\/\\\/igfae.usc.es\\\/igfae\\\/wp-content\\\/uploads\\\/2026_09_04-ERC-Starting-Grant-Anton-Baleato-Lizancos_web.jpg\",\"articleSection\":[\"Noticias\",\"Noticias cient\u00edficas\"],\"inLanguage\":\"es-ES\"},{\"@type\":\"WebPage\",\"@id\":\"https:\\\/\\\/igfae.usc.es\\\/igfae\\\/es\\\/anton-baleato-lizancos-erc-starting-grant\\\/\",\"url\":\"https:\\\/\\\/igfae.usc.es\\\/igfae\\\/es\\\/anton-baleato-lizancos-erc-starting-grant\\\/\",\"name\":\"El cosm\u00f3logo Ant\u00f3n Baleato Lizancos obtiene una ERC Starting Grant para entender por qu\u00e9 se acelera la expansi\u00f3n del universo\",\"isPartOf\":{\"@id\":\"https:\\\/\\\/igfae.usc.es\\\/igfae\\\/#website\"},\"primaryImageOfPage\":{\"@id\":\"https:\\\/\\\/igfae.usc.es\\\/igfae\\\/es\\\/anton-baleato-lizancos-erc-starting-grant\\\/#primaryimage\"},\"image\":{\"@id\":\"https:\\\/\\\/igfae.usc.es\\\/igfae\\\/es\\\/anton-baleato-lizancos-erc-starting-grant\\\/#primaryimage\"},\"thumbnailUrl\":\"https:\\\/\\\/igfae.usc.es\\\/igfae\\\/wp-content\\\/uploads\\\/2026_09_04-ERC-Starting-Grant-Anton-Baleato-Lizancos_web.jpg\",\"datePublished\":\"2026-09-03T10:00:31+00:00\",\"dateModified\":\"2026-09-03T12:56:47+00:00\",\"description\":\"Se incorporar\u00e1 al IGFAE para desarrollar el proyecto ACCELLENS, analizando datos procedentes del fondo c\u00f3smico de microondas y la distribuci\u00f3n de las galaxias\",\"breadcrumb\":{\"@id\":\"https:\\\/\\\/igfae.usc.es\\\/igfae\\\/es\\\/anton-baleato-lizancos-erc-starting-grant\\\/#breadcrumb\"},\"inLanguage\":\"es-ES\",\"potentialAction\":[{\"@type\":\"ReadAction\",\"target\":[\"https:\\\/\\\/igfae.usc.es\\\/igfae\\\/es\\\/anton-baleato-lizancos-erc-starting-grant\\\/\"]}]},{\"@type\":\"ImageObject\",\"inLanguage\":\"es-ES\",\"@id\":\"https:\\\/\\\/igfae.usc.es\\\/igfae\\\/es\\\/anton-baleato-lizancos-erc-starting-grant\\\/#primaryimage\",\"url\":\"https:\\\/\\\/igfae.usc.es\\\/igfae\\\/wp-content\\\/uploads\\\/2026_09_04-ERC-Starting-Grant-Anton-Baleato-Lizancos_web.jpg\",\"contentUrl\":\"https:\\\/\\\/igfae.usc.es\\\/igfae\\\/wp-content\\\/uploads\\\/2026_09_04-ERC-Starting-Grant-Anton-Baleato-Lizancos_web.jpg\",\"width\":2500,\"height\":1706,\"caption\":\"Ant\u00f3n Baleato Lizancos regresa a Galicia despu\u00e9s de desarrollar toda su carrera investigadora en Estados Unidos y el Reino Unido. Foto: IGFAE\"},{\"@type\":\"BreadcrumbList\",\"@id\":\"https:\\\/\\\/igfae.usc.es\\\/igfae\\\/es\\\/anton-baleato-lizancos-erc-starting-grant\\\/#breadcrumb\",\"itemListElement\":[{\"@type\":\"ListItem\",\"position\":1,\"name\":\"Inicio\",\"item\":\"https:\\\/\\\/igfae.usc.es\\\/igfae\\\/es\\\/\"},{\"@type\":\"ListItem\",\"position\":2,\"name\":\"El cosm\u00f3logo Ant\u00f3n Baleato Lizancos obtiene una ERC Starting Grant para entender por qu\u00e9 se acelera la expansi\u00f3n del universo\"}]},{\"@type\":\"WebSite\",\"@id\":\"https:\\\/\\\/igfae.usc.es\\\/igfae\\\/#website\",\"url\":\"https:\\\/\\\/igfae.usc.es\\\/igfae\\\/\",\"name\":\"IGFAE\",\"description\":\"Instituto Galego de F\u00edsica de Altas Enerx\u00edas\",\"publisher\":{\"@id\":\"https:\\\/\\\/igfae.usc.es\\\/igfae\\\/#organization\"},\"potentialAction\":[{\"@type\":\"SearchAction\",\"target\":{\"@type\":\"EntryPoint\",\"urlTemplate\":\"https:\\\/\\\/igfae.usc.es\\\/igfae\\\/?s={search_term_string}\"},\"query-input\":{\"@type\":\"PropertyValueSpecification\",\"valueRequired\":true,\"valueName\":\"search_term_string\"}}],\"inLanguage\":\"es-ES\"},{\"@type\":\"Organization\",\"@id\":\"https:\\\/\\\/igfae.usc.es\\\/igfae\\\/#organization\",\"name\":\"Instituto Galego de F\u00edsica de Altas Enerx\u00edas\",\"url\":\"https:\\\/\\\/igfae.usc.es\\\/igfae\\\/\",\"logo\":{\"@type\":\"ImageObject\",\"inLanguage\":\"es-ES\",\"@id\":\"https:\\\/\\\/igfae.usc.es\\\/igfae\\\/#\\\/schema\\\/logo\\\/image\\\/\",\"url\":\"https:\\\/\\\/igfae.usc.es\\\/igfae\\\/wp-content\\\/uploads\\\/2025\\\/04\\\/seo-igfae.jpg\",\"contentUrl\":\"https:\\\/\\\/igfae.usc.es\\\/igfae\\\/wp-content\\\/uploads\\\/2025\\\/04\\\/seo-igfae.jpg\",\"width\":1920,\"height\":1280,\"caption\":\"Instituto Galego de F\u00edsica de Altas Enerx\u00edas\"},\"image\":{\"@id\":\"https:\\\/\\\/igfae.usc.es\\\/igfae\\\/#\\\/schema\\\/logo\\\/image\\\/\"},\"sameAs\":[\"https:\\\/\\\/x.com\\\/IGFAE_HEP\"]},{\"@type\":\"Person\",\"@id\":\"https:\\\/\\\/igfae.usc.es\\\/igfae\\\/#\\\/schema\\\/person\\\/7edb28d4e85fc09a1d4a05dd2b844174\",\"name\":\"Manuel\",\"image\":{\"@type\":\"ImageObject\",\"inLanguage\":\"es-ES\",\"@id\":\"https:\\\/\\\/secure.gravatar.com\\\/avatar\\\/92b6d25b24eb9115f11ff9585492998eef62b80c7a05fd1ccd3f44ea80f2cffb?s=96&d=mm&r=g\",\"url\":\"https:\\\/\\\/secure.gravatar.com\\\/avatar\\\/92b6d25b24eb9115f11ff9585492998eef62b80c7a05fd1ccd3f44ea80f2cffb?s=96&d=mm&r=g\",\"contentUrl\":\"https:\\\/\\\/secure.gravatar.com\\\/avatar\\\/92b6d25b24eb9115f11ff9585492998eef62b80c7a05fd1ccd3f44ea80f2cffb?s=96&d=mm&r=g\",\"caption\":\"Manuel\"},\"url\":\"https:\\\/\\\/igfae.usc.es\\\/igfae\\\/es\\\/author\\\/manuelrey-pan\\\/\"}]}<\/script>\n<!-- \/ Yoast SEO plugin. -->","yoast_head_json":{"title":"El cosm\u00f3logo Ant\u00f3n Baleato Lizancos obtiene una ERC Starting Grant para entender por qu\u00e9 se acelera la expansi\u00f3n del universo","description":"Se incorporar\u00e1 al IGFAE para desarrollar el proyecto ACCELLENS, analizando datos procedentes del fondo c\u00f3smico de microondas y la distribuci\u00f3n de las galaxias","robots":{"index":"index","follow":"follow","max-snippet":"max-snippet:-1","max-image-preview":"max-image-preview:large","max-video-preview":"max-video-preview:-1"},"canonical":"https:\/\/igfae.usc.es\/igfae\/es\/anton-baleato-lizancos-erc-starting-grant\/","og_locale":"es_ES","og_type":"article","og_title":"El cosm\u00f3logo Ant\u00f3n Baleato Lizancos obtiene una ERC Starting Grant para entender por qu\u00e9 se acelera la expansi\u00f3n del universo","og_description":"Se incorporar\u00e1 al IGFAE para desarrollar el proyecto ACCELLENS, analizando datos procedentes del fondo c\u00f3smico de microondas y la distribuci\u00f3n de las galaxias","og_url":"https:\/\/igfae.usc.es\/igfae\/es\/anton-baleato-lizancos-erc-starting-grant\/","og_site_name":"IGFAE","article_published_time":"2026-09-03T10:00:31+00:00","article_modified_time":"2026-09-03T12:56:47+00:00","og_image":[{"width":2500,"height":1706,"url":"https:\/\/igfae.usc.es\/igfae\/wp-content\/uploads\/2026_09_04-ERC-Starting-Grant-Anton-Baleato-Lizancos_web.jpg","type":"image\/jpeg"}],"author":"Manuel","twitter_card":"summary_large_image","twitter_creator":"@IGFAE_HEP","twitter_site":"@IGFAE_HEP","twitter_misc":{"Written by":"Manuel","Est. reading time":"5 minutes"},"schema":{"@context":"https:\/\/schema.org","@graph":[{"@type":"Article","@id":"https:\/\/igfae.usc.es\/igfae\/es\/anton-baleato-lizancos-erc-starting-grant\/#article","isPartOf":{"@id":"https:\/\/igfae.usc.es\/igfae\/es\/anton-baleato-lizancos-erc-starting-grant\/"},"author":{"name":"Manuel","@id":"https:\/\/igfae.usc.es\/igfae\/#\/schema\/person\/7edb28d4e85fc09a1d4a05dd2b844174"},"headline":"El cosm\u00f3logo Ant\u00f3n Baleato Lizancos obtiene una ERC Starting Grant para entender por qu\u00e9 se acelera la expansi\u00f3n del universo","datePublished":"2026-09-03T10:00:31+00:00","dateModified":"2026-09-03T12:56:47+00:00","mainEntityOfPage":{"@id":"https:\/\/igfae.usc.es\/igfae\/es\/anton-baleato-lizancos-erc-starting-grant\/"},"wordCount":1060,"publisher":{"@id":"https:\/\/igfae.usc.es\/igfae\/#organization"},"image":{"@id":"https:\/\/igfae.usc.es\/igfae\/es\/anton-baleato-lizancos-erc-starting-grant\/#primaryimage"},"thumbnailUrl":"https:\/\/igfae.usc.es\/igfae\/wp-content\/uploads\/2026_09_04-ERC-Starting-Grant-Anton-Baleato-Lizancos_web.jpg","articleSection":["Noticias","Noticias cient\u00edficas"],"inLanguage":"es-ES"},{"@type":"WebPage","@id":"https:\/\/igfae.usc.es\/igfae\/es\/anton-baleato-lizancos-erc-starting-grant\/","url":"https:\/\/igfae.usc.es\/igfae\/es\/anton-baleato-lizancos-erc-starting-grant\/","name":"El cosm\u00f3logo Ant\u00f3n Baleato Lizancos obtiene una ERC Starting Grant para entender por qu\u00e9 se acelera la expansi\u00f3n del universo","isPartOf":{"@id":"https:\/\/igfae.usc.es\/igfae\/#website"},"primaryImageOfPage":{"@id":"https:\/\/igfae.usc.es\/igfae\/es\/anton-baleato-lizancos-erc-starting-grant\/#primaryimage"},"image":{"@id":"https:\/\/igfae.usc.es\/igfae\/es\/anton-baleato-lizancos-erc-starting-grant\/#primaryimage"},"thumbnailUrl":"https:\/\/igfae.usc.es\/igfae\/wp-content\/uploads\/2026_09_04-ERC-Starting-Grant-Anton-Baleato-Lizancos_web.jpg","datePublished":"2026-09-03T10:00:31+00:00","dateModified":"2026-09-03T12:56:47+00:00","description":"Se incorporar\u00e1 al IGFAE para desarrollar el proyecto ACCELLENS, analizando datos procedentes del fondo c\u00f3smico de microondas y la distribuci\u00f3n de las galaxias","breadcrumb":{"@id":"https:\/\/igfae.usc.es\/igfae\/es\/anton-baleato-lizancos-erc-starting-grant\/#breadcrumb"},"inLanguage":"es-ES","potentialAction":[{"@type":"ReadAction","target":["https:\/\/igfae.usc.es\/igfae\/es\/anton-baleato-lizancos-erc-starting-grant\/"]}]},{"@type":"ImageObject","inLanguage":"es-ES","@id":"https:\/\/igfae.usc.es\/igfae\/es\/anton-baleato-lizancos-erc-starting-grant\/#primaryimage","url":"https:\/\/igfae.usc.es\/igfae\/wp-content\/uploads\/2026_09_04-ERC-Starting-Grant-Anton-Baleato-Lizancos_web.jpg","contentUrl":"https:\/\/igfae.usc.es\/igfae\/wp-content\/uploads\/2026_09_04-ERC-Starting-Grant-Anton-Baleato-Lizancos_web.jpg","width":2500,"height":1706,"caption":"Ant\u00f3n Baleato Lizancos regresa a Galicia despu\u00e9s de desarrollar toda su carrera investigadora en Estados Unidos y el Reino Unido. Foto: IGFAE"},{"@type":"BreadcrumbList","@id":"https:\/\/igfae.usc.es\/igfae\/es\/anton-baleato-lizancos-erc-starting-grant\/#breadcrumb","itemListElement":[{"@type":"ListItem","position":1,"name":"Inicio","item":"https:\/\/igfae.usc.es\/igfae\/es\/"},{"@type":"ListItem","position":2,"name":"El cosm\u00f3logo Ant\u00f3n Baleato Lizancos obtiene una ERC Starting Grant para entender por qu\u00e9 se acelera la expansi\u00f3n del universo"}]},{"@type":"WebSite","@id":"https:\/\/igfae.usc.es\/igfae\/#website","url":"https:\/\/igfae.usc.es\/igfae\/","name":"IGFAE","description":"Instituto Galego de F\u00edsica de Altas Enerx\u00edas","publisher":{"@id":"https:\/\/igfae.usc.es\/igfae\/#organization"},"potentialAction":[{"@type":"SearchAction","target":{"@type":"EntryPoint","urlTemplate":"https:\/\/igfae.usc.es\/igfae\/?s={search_term_string}"},"query-input":{"@type":"PropertyValueSpecification","valueRequired":true,"valueName":"search_term_string"}}],"inLanguage":"es-ES"},{"@type":"Organization","@id":"https:\/\/igfae.usc.es\/igfae\/#organization","name":"Instituto Galego de F\u00edsica de Altas Enerx\u00edas","url":"https:\/\/igfae.usc.es\/igfae\/","logo":{"@type":"ImageObject","inLanguage":"es-ES","@id":"https:\/\/igfae.usc.es\/igfae\/#\/schema\/logo\/image\/","url":"https:\/\/igfae.usc.es\/igfae\/wp-content\/uploads\/2025\/04\/seo-igfae.jpg","contentUrl":"https:\/\/igfae.usc.es\/igfae\/wp-content\/uploads\/2025\/04\/seo-igfae.jpg","width":1920,"height":1280,"caption":"Instituto Galego de F\u00edsica de Altas Enerx\u00edas"},"image":{"@id":"https:\/\/igfae.usc.es\/igfae\/#\/schema\/logo\/image\/"},"sameAs":["https:\/\/x.com\/IGFAE_HEP"]},{"@type":"Person","@id":"https:\/\/igfae.usc.es\/igfae\/#\/schema\/person\/7edb28d4e85fc09a1d4a05dd2b844174","name":"Manuel","image":{"@type":"ImageObject","inLanguage":"es-ES","@id":"https:\/\/secure.gravatar.com\/avatar\/92b6d25b24eb9115f11ff9585492998eef62b80c7a05fd1ccd3f44ea80f2cffb?s=96&d=mm&r=g","url":"https:\/\/secure.gravatar.com\/avatar\/92b6d25b24eb9115f11ff9585492998eef62b80c7a05fd1ccd3f44ea80f2cffb?s=96&d=mm&r=g","contentUrl":"https:\/\/secure.gravatar.com\/avatar\/92b6d25b24eb9115f11ff9585492998eef62b80c7a05fd1ccd3f44ea80f2cffb?s=96&d=mm&r=g","caption":"Manuel"},"url":"https:\/\/igfae.usc.es\/igfae\/es\/author\/manuelrey-pan\/"}]}},"_links":{"self":[{"href":"https:\/\/igfae.usc.es\/igfae\/es\/wp-json\/wp\/v2\/posts\/24787","targetHints":{"allow":["GET"]}}],"collection":[{"href":"https:\/\/igfae.usc.es\/igfae\/es\/wp-json\/wp\/v2\/posts"}],"about":[{"href":"https:\/\/igfae.usc.es\/igfae\/es\/wp-json\/wp\/v2\/types\/post"}],"author":[{"embeddable":true,"href":"https:\/\/igfae.usc.es\/igfae\/es\/wp-json\/wp\/v2\/users\/11"}],"replies":[{"embeddable":true,"href":"https:\/\/igfae.usc.es\/igfae\/es\/wp-json\/wp\/v2\/comments?post=24787"}],"version-history":[{"count":2,"href":"https:\/\/igfae.usc.es\/igfae\/es\/wp-json\/wp\/v2\/posts\/24787\/revisions"}],"predecessor-version":[{"id":24849,"href":"https:\/\/igfae.usc.es\/igfae\/es\/wp-json\/wp\/v2\/posts\/24787\/revisions\/24849"}],"wp:featuredmedia":[{"embeddable":true,"href":"https:\/\/igfae.usc.es\/igfae\/es\/wp-json\/wp\/v2\/media\/24781"}],"wp:attachment":[{"href":"https:\/\/igfae.usc.es\/igfae\/es\/wp-json\/wp\/v2\/media?parent=24787"}],"wp:term":[{"taxonomy":"category","embeddable":true,"href":"https:\/\/igfae.usc.es\/igfae\/es\/wp-json\/wp\/v2\/categories?post=24787"}],"curies":[{"name":"wp","href":"https:\/\/api.w.org\/{rel}","templated":true}]}}