{"id":23571,"date":"2026-04-23T09:38:22","date_gmt":"2026-04-23T07:38:22","guid":{"rendered":"https:\/\/igfae.usc.es\/igfae\/el-igfae-recibe-la-visita-de-la-red-de-politicas-de-idi\/"},"modified":"2026-04-23T09:38:22","modified_gmt":"2026-04-23T07:38:22","slug":"el-igfae-recibe-la-visita-de-la-red-de-politicas-de-idi","status":"publish","type":"post","link":"https:\/\/igfae.usc.es\/igfae\/es\/el-igfae-recibe-la-visita-de-la-red-de-politicas-de-idi\/","title":{"rendered":"El IGFAE recibe la visita de la Red de Pol\u00edticas de I+D+I"},"content":{"rendered":"<p>La sede del IGFAE recibi\u00f3 la ma\u00f1ana del mi\u00e9rcoles 22 de abril la visita de los miembros de la sesi\u00f3n plenaria de la Red de Pol\u00edticas de I+D+i, reunidos en la Cidade da Cultura e Santiago de Compostela, en una reuni\u00f3n organizada en colaboraci\u00f3n con la Axencia Galega de Innovaci\u00f3n. Esta red act\u00faa como enlace entre las comunidades aut\u00f3nomas y la Administraci\u00f3n General del Estado para colaborar en la movilizaci\u00f3n de recursos y el acceso a financiaci\u00f3n europea en el \u00e1mbito de la investigaci\u00f3n, el desarrollo y la innovaci\u00f3n. Esta red est\u00e1 cofinanciada por el Fondo Europeo de Desarrollo Regional (FEDER), del que tambi\u00e9n procede la financiaci\u00f3n de la red de centros CIGUS de la Xunta de Galicia, a la que pertenece el IGFAE.  <\/p>\n<p>La delegaci\u00f3n estaba compuesta por representantes de entidades como la Agencia Estatal de Investigaci\u00f3n (AEI), el Centro de Desarrollo Tecnol\u00f3gico e Innovaci\u00f3n (CDTI), los Ministerios de Ciencia e Innovaci\u00f3n y de Hacienda, y miembros de agencias de investigaci\u00f3n y gobiernos de las comunidades aut\u00f3nomas, entre otras organizaciones.<\/p>\n<p>La visita estuvo conducida por el director del IGFAE, Carlos A. Salgado, el subdirector, Abraham Gallas, as\u00ed como por los investigadores y t\u00e9cnicos de investigaci\u00f3n del Instituto, quienes mostraron los nuevos espacios experimentales del IGFAE, ampliados tras la renovaci\u00f3n de las instalaciones llevada a cabo en los \u00faltimos a\u00f1os. De esta forma, se expusieron las contribuciones del IGFAE a grandes instalaciones experimentales, como el LHC del CERN, as\u00ed como la transferencia de conocimiento y tecnolog\u00eda a la sociedad y la industria, con ejemplos como la empresa derivada <a href=\"https:\/\/neutroninsights.com\/\" target=\"_blank\" rel=\"noopener\">Neutron Insights.<\/a> <\/p>\n<p>Durante la ma\u00f1ana del mi\u00e9rcoles, el pleno de la Red IDI tambi\u00e9n visit\u00f3 el Centro de Investigaci\u00f3n en Medicina Molecular y Enfermedades Cr\u00f3nicas (CiMUS) de la USC, el otro centro gallego acreditado como Unidad de Excelencia Mar\u00eda de Maeztu, y que tambi\u00e9n forma parte de la red CIGUS de la Xunta de Galicia.<\/p>\n\n\t\t<style type=\"text\/css\">\n\t\t\t#gallery-1 {\n\t\t\t\tmargin: auto;\n\t\t\t}\n\t\t\t#gallery-1 .gallery-item {\n\t\t\t\tfloat: left;\n\t\t\t\tmargin-top: 10px;\n\t\t\t\ttext-align: center;\n\t\t\t\twidth: 20%;\n\t\t\t}\n\t\t\t#gallery-1 img {\n\t\t\t\tborder: 2px solid #cfcfcf;\n\t\t\t}\n\t\t\t#gallery-1 .gallery-caption {\n\t\t\t\tmargin-left: 0;\n\t\t\t}\n\t\t\t\/* see gallery_shortcode() in wp-includes\/media.php *\/\n\t\t<\/style>\n\t\t<div id='gallery-1' class='gallery galleryid-23571 gallery-columns-5 gallery-size-medium'><dl class='gallery-item'>\n\t\t\t<dt class='gallery-icon landscape'>\n\t\t\t\t<a href='https:\/\/igfae.usc.es\/igfae\/wp-content\/uploads\/2026-04-22-Red-IDI-IGFAE.jpg'><img loading=\"lazy\" decoding=\"async\" width=\"300\" height=\"203\" src=\"https:\/\/igfae.usc.es\/igfae\/wp-content\/uploads\/2026-04-22-Red-IDI-IGFAE.jpg\" class=\"attachment-medium size-medium\" alt=\"\" srcset=\"https:\/\/igfae.usc.es\/igfae\/wp-content\/uploads\/2026-04-22-Red-IDI-IGFAE.jpg 2000w, https:\/\/igfae.usc.es\/igfae\/wp-content\/uploads\/2026-04-22-Red-IDI-IGFAE-1500x1013.jpg 1500w, https:\/\/igfae.usc.es\/igfae\/wp-content\/uploads\/2026-04-22-Red-IDI-IGFAE-750x506.jpg 750w, https:\/\/igfae.usc.es\/igfae\/wp-content\/uploads\/2026-04-22-Red-IDI-IGFAE-30x20.jpg 30w\" sizes=\"auto, (max-width: 300px) 100vw, 300px\" \/><\/a>\n\t\t\t<\/dt><\/dl><dl class='gallery-item'>\n\t\t\t<dt class='gallery-icon landscape'>\n\t\t\t\t<a href='https:\/\/igfae.usc.es\/igfae\/wp-content\/uploads\/2026-04-22-Red-IDI-IGFAE_1.jpg'><img loading=\"lazy\" decoding=\"async\" width=\"300\" height=\"195\" src=\"https:\/\/igfae.usc.es\/igfae\/wp-content\/uploads\/2026-04-22-Red-IDI-IGFAE_1.jpg\" class=\"attachment-medium size-medium\" alt=\"\" srcset=\"https:\/\/igfae.usc.es\/igfae\/wp-content\/uploads\/2026-04-22-Red-IDI-IGFAE_1.jpg 2000w, https:\/\/igfae.usc.es\/igfae\/wp-content\/uploads\/2026-04-22-Red-IDI-IGFAE_1-1500x973.jpg 1500w, https:\/\/igfae.usc.es\/igfae\/wp-content\/uploads\/2026-04-22-Red-IDI-IGFAE_1-750x486.jpg 750w, https:\/\/igfae.usc.es\/igfae\/wp-content\/uploads\/2026-04-22-Red-IDI-IGFAE_1-30x19.jpg 30w\" sizes=\"auto, (max-width: 300px) 100vw, 300px\" \/><\/a>\n\t\t\t<\/dt><\/dl><dl class='gallery-item'>\n\t\t\t<dt class='gallery-icon landscape'>\n\t\t\t\t<a href='https:\/\/igfae.usc.es\/igfae\/wp-content\/uploads\/2026-04-22-Red-IDI-IGFAE_3.jpg'><img loading=\"lazy\" decoding=\"async\" width=\"300\" height=\"200\" src=\"https:\/\/igfae.usc.es\/igfae\/wp-content\/uploads\/2026-04-22-Red-IDI-IGFAE_3.jpg\" class=\"attachment-medium size-medium\" alt=\"\" srcset=\"https:\/\/igfae.usc.es\/igfae\/wp-content\/uploads\/2026-04-22-Red-IDI-IGFAE_3.jpg 2000w, https:\/\/igfae.usc.es\/igfae\/wp-content\/uploads\/2026-04-22-Red-IDI-IGFAE_3-1500x1000.jpg 1500w, https:\/\/igfae.usc.es\/igfae\/wp-content\/uploads\/2026-04-22-Red-IDI-IGFAE_3-750x500.jpg 750w, https:\/\/igfae.usc.es\/igfae\/wp-content\/uploads\/2026-04-22-Red-IDI-IGFAE_3-30x20.jpg 30w\" sizes=\"auto, (max-width: 300px) 100vw, 300px\" \/><\/a>\n\t\t\t<\/dt><\/dl><dl class='gallery-item'>\n\t\t\t<dt class='gallery-icon landscape'>\n\t\t\t\t<a href='https:\/\/igfae.usc.es\/igfae\/wp-content\/uploads\/2026-04-22-Red-IDI-IGFAE_5.jpg'><img loading=\"lazy\" decoding=\"async\" width=\"300\" height=\"200\" src=\"https:\/\/igfae.usc.es\/igfae\/wp-content\/uploads\/2026-04-22-Red-IDI-IGFAE_5.jpg\" class=\"attachment-medium size-medium\" alt=\"\" srcset=\"https:\/\/igfae.usc.es\/igfae\/wp-content\/uploads\/2026-04-22-Red-IDI-IGFAE_5.jpg 2000w, https:\/\/igfae.usc.es\/igfae\/wp-content\/uploads\/2026-04-22-Red-IDI-IGFAE_5-1500x1000.jpg 1500w, https:\/\/igfae.usc.es\/igfae\/wp-content\/uploads\/2026-04-22-Red-IDI-IGFAE_5-750x500.jpg 750w, https:\/\/igfae.usc.es\/igfae\/wp-content\/uploads\/2026-04-22-Red-IDI-IGFAE_5-30x20.jpg 30w\" sizes=\"auto, (max-width: 300px) 100vw, 300px\" \/><\/a>\n\t\t\t<\/dt><\/dl><dl class='gallery-item'>\n\t\t\t<dt class='gallery-icon landscape'>\n\t\t\t\t<a href='https:\/\/igfae.usc.es\/igfae\/wp-content\/uploads\/2026-04-22-Red-IDI-IGFAE_web.jpg'><img loading=\"lazy\" decoding=\"async\" width=\"300\" height=\"206\" src=\"https:\/\/igfae.usc.es\/igfae\/wp-content\/uploads\/2026-04-22-Red-IDI-IGFAE_web.jpg\" class=\"attachment-medium size-medium\" alt=\"\" srcset=\"https:\/\/igfae.usc.es\/igfae\/wp-content\/uploads\/2026-04-22-Red-IDI-IGFAE_web.jpg 2000w, https:\/\/igfae.usc.es\/igfae\/wp-content\/uploads\/2026-04-22-Red-IDI-IGFAE_web-1500x1032.jpg 1500w, https:\/\/igfae.usc.es\/igfae\/wp-content\/uploads\/2026-04-22-Red-IDI-IGFAE_web-750x516.jpg 750w, https:\/\/igfae.usc.es\/igfae\/wp-content\/uploads\/2026-04-22-Red-IDI-IGFAE_web-30x21.jpg 30w\" sizes=\"auto, (max-width: 300px) 100vw, 300px\" \/><\/a>\n\t\t\t<\/dt><\/dl><br style=\"clear: both\" \/>\n\t\t<\/div>\n\n","protected":false},"excerpt":{"rendered":"<p>La sede del IGFAE recibi\u00f3 la ma\u00f1ana del mi\u00e9rcoles 22 de abril la visita de los miembros de la sesi\u00f3n plenaria de la Red de Pol\u00edticas de I+D+i, reunidos en la Cidade da Cultura e Santiago de Compostela, en una reuni\u00f3n organizada en colaboraci\u00f3n con la Axencia Galega de Innovaci\u00f3n. Esta red act\u00faa como enlace [&hellip;]<\/p>\n","protected":false},"author":11,"featured_media":23537,"comment_status":"closed","ping_status":"closed","sticky":false,"template":"","format":"standard","meta":{"_acf_changed":false,"footnotes":""},"categories":[215],"class_list":["post-23571","post","type-post","status-publish","format-standard","has-post-thumbnail","hentry","category-noticias-3"],"acf":[],"yoast_head":"<!-- This site is optimized with the Yoast SEO plugin v27.5 - https:\/\/yoast.com\/product\/yoast-seo-wordpress\/ -->\n<title>El IGFAE recibe la visita de la Red de Pol\u00edticas de I+D+I.<\/title>\n<meta name=\"description\" content=\"El pleno de esta entidad se reuni\u00f3 en Santiago de Compostela, en un encuentro organizado por la Axencia Galega de Innovaci\u00f3n.\" \/>\n<meta name=\"robots\" content=\"index, follow, max-snippet:-1, max-image-preview:large, max-video-preview:-1\" \/>\n<link rel=\"canonical\" href=\"https:\/\/igfae.usc.es\/igfae\/es\/el-igfae-recibe-la-visita-de-la-red-de-politicas-de-idi\/\" \/>\n<meta property=\"og:locale\" content=\"es_ES\" \/>\n<meta property=\"og:type\" content=\"article\" \/>\n<meta property=\"og:title\" content=\"El IGFAE recibe la visita de la Red de Pol\u00edticas de I+D+I.\" \/>\n<meta property=\"og:description\" content=\"El pleno de esta entidad se reuni\u00f3 en Santiago de Compostela, en un encuentro organizado por la Axencia Galega de Innovaci\u00f3n.\" \/>\n<meta property=\"og:url\" content=\"https:\/\/igfae.usc.es\/igfae\/es\/el-igfae-recibe-la-visita-de-la-red-de-politicas-de-idi\/\" \/>\n<meta property=\"og:site_name\" content=\"IGFAE\" \/>\n<meta property=\"article:published_time\" content=\"2026-04-23T07:38:22+00:00\" \/>\n<meta property=\"og:image\" content=\"https:\/\/igfae.usc.es\/igfae\/wp-content\/uploads\/2026-04-22-Red-IDI-IGFAE-2.jpg\" \/>\n\t<meta property=\"og:image:width\" content=\"1500\" \/>\n\t<meta property=\"og:image:height\" content=\"987\" \/>\n\t<meta property=\"og:image:type\" content=\"image\/jpeg\" \/>\n<meta name=\"author\" content=\"Manuel\" \/>\n<meta name=\"twitter:card\" content=\"summary_large_image\" \/>\n<meta name=\"twitter:creator\" content=\"@IGFAE_HEP\" \/>\n<meta name=\"twitter:site\" content=\"@IGFAE_HEP\" \/>\n<meta name=\"twitter:label1\" content=\"Written by\" \/>\n\t<meta name=\"twitter:data1\" content=\"Manuel\" \/>\n\t<meta name=\"twitter:label2\" content=\"Est. reading time\" \/>\n\t<meta name=\"twitter:data2\" content=\"2 minutes\" \/>\n<script type=\"application\/ld+json\" class=\"yoast-schema-graph\">{\"@context\":\"https:\\\/\\\/schema.org\",\"@graph\":[{\"@type\":\"Article\",\"@id\":\"https:\\\/\\\/igfae.usc.es\\\/igfae\\\/es\\\/el-igfae-recibe-la-visita-de-la-red-de-politicas-de-idi\\\/#article\",\"isPartOf\":{\"@id\":\"https:\\\/\\\/igfae.usc.es\\\/igfae\\\/es\\\/el-igfae-recibe-la-visita-de-la-red-de-politicas-de-idi\\\/\"},\"author\":{\"name\":\"Manuel\",\"@id\":\"https:\\\/\\\/igfae.usc.es\\\/igfae\\\/#\\\/schema\\\/person\\\/7edb28d4e85fc09a1d4a05dd2b844174\"},\"headline\":\"El IGFAE recibe la visita de la Red de Pol\u00edticas de I+D+I\",\"datePublished\":\"2026-04-23T07:38:22+00:00\",\"mainEntityOfPage\":{\"@id\":\"https:\\\/\\\/igfae.usc.es\\\/igfae\\\/es\\\/el-igfae-recibe-la-visita-de-la-red-de-politicas-de-idi\\\/\"},\"wordCount\":371,\"publisher\":{\"@id\":\"https:\\\/\\\/igfae.usc.es\\\/igfae\\\/#organization\"},\"image\":{\"@id\":\"https:\\\/\\\/igfae.usc.es\\\/igfae\\\/es\\\/el-igfae-recibe-la-visita-de-la-red-de-politicas-de-idi\\\/#primaryimage\"},\"thumbnailUrl\":\"https:\\\/\\\/igfae.usc.es\\\/igfae\\\/wp-content\\\/uploads\\\/2026-04-22-Red-IDI-IGFAE-2.jpg\",\"articleSection\":[\"Noticias\"],\"inLanguage\":\"es-ES\"},{\"@type\":\"WebPage\",\"@id\":\"https:\\\/\\\/igfae.usc.es\\\/igfae\\\/es\\\/el-igfae-recibe-la-visita-de-la-red-de-politicas-de-idi\\\/\",\"url\":\"https:\\\/\\\/igfae.usc.es\\\/igfae\\\/es\\\/el-igfae-recibe-la-visita-de-la-red-de-politicas-de-idi\\\/\",\"name\":\"El IGFAE recibe la visita de la Red de Pol\u00edticas de I+D+I.\",\"isPartOf\":{\"@id\":\"https:\\\/\\\/igfae.usc.es\\\/igfae\\\/#website\"},\"primaryImageOfPage\":{\"@id\":\"https:\\\/\\\/igfae.usc.es\\\/igfae\\\/es\\\/el-igfae-recibe-la-visita-de-la-red-de-politicas-de-idi\\\/#primaryimage\"},\"image\":{\"@id\":\"https:\\\/\\\/igfae.usc.es\\\/igfae\\\/es\\\/el-igfae-recibe-la-visita-de-la-red-de-politicas-de-idi\\\/#primaryimage\"},\"thumbnailUrl\":\"https:\\\/\\\/igfae.usc.es\\\/igfae\\\/wp-content\\\/uploads\\\/2026-04-22-Red-IDI-IGFAE-2.jpg\",\"datePublished\":\"2026-04-23T07:38:22+00:00\",\"description\":\"El pleno de esta entidad se reuni\u00f3 en Santiago de Compostela, en un encuentro organizado por la Axencia Galega de Innovaci\u00f3n.\",\"breadcrumb\":{\"@id\":\"https:\\\/\\\/igfae.usc.es\\\/igfae\\\/es\\\/el-igfae-recibe-la-visita-de-la-red-de-politicas-de-idi\\\/#breadcrumb\"},\"inLanguage\":\"es-ES\",\"potentialAction\":[{\"@type\":\"ReadAction\",\"target\":[\"https:\\\/\\\/igfae.usc.es\\\/igfae\\\/es\\\/el-igfae-recibe-la-visita-de-la-red-de-politicas-de-idi\\\/\"]}]},{\"@type\":\"ImageObject\",\"inLanguage\":\"es-ES\",\"@id\":\"https:\\\/\\\/igfae.usc.es\\\/igfae\\\/es\\\/el-igfae-recibe-la-visita-de-la-red-de-politicas-de-idi\\\/#primaryimage\",\"url\":\"https:\\\/\\\/igfae.usc.es\\\/igfae\\\/wp-content\\\/uploads\\\/2026-04-22-Red-IDI-IGFAE-2.jpg\",\"contentUrl\":\"https:\\\/\\\/igfae.usc.es\\\/igfae\\\/wp-content\\\/uploads\\\/2026-04-22-Red-IDI-IGFAE-2.jpg\",\"width\":1500,\"height\":987},{\"@type\":\"BreadcrumbList\",\"@id\":\"https:\\\/\\\/igfae.usc.es\\\/igfae\\\/es\\\/el-igfae-recibe-la-visita-de-la-red-de-politicas-de-idi\\\/#breadcrumb\",\"itemListElement\":[{\"@type\":\"ListItem\",\"position\":1,\"name\":\"Inicio\",\"item\":\"https:\\\/\\\/igfae.usc.es\\\/igfae\\\/es\\\/\"},{\"@type\":\"ListItem\",\"position\":2,\"name\":\"El IGFAE recibe la visita de la Red de Pol\u00edticas de I+D+I\"}]},{\"@type\":\"WebSite\",\"@id\":\"https:\\\/\\\/igfae.usc.es\\\/igfae\\\/#website\",\"url\":\"https:\\\/\\\/igfae.usc.es\\\/igfae\\\/\",\"name\":\"IGFAE\",\"description\":\"Instituto Galego de F\u00edsica de Altas Enerx\u00edas\",\"publisher\":{\"@id\":\"https:\\\/\\\/igfae.usc.es\\\/igfae\\\/#organization\"},\"potentialAction\":[{\"@type\":\"SearchAction\",\"target\":{\"@type\":\"EntryPoint\",\"urlTemplate\":\"https:\\\/\\\/igfae.usc.es\\\/igfae\\\/?s={search_term_string}\"},\"query-input\":{\"@type\":\"PropertyValueSpecification\",\"valueRequired\":true,\"valueName\":\"search_term_string\"}}],\"inLanguage\":\"es-ES\"},{\"@type\":\"Organization\",\"@id\":\"https:\\\/\\\/igfae.usc.es\\\/igfae\\\/#organization\",\"name\":\"Instituto Galego de F\u00edsica de Altas Enerx\u00edas\",\"url\":\"https:\\\/\\\/igfae.usc.es\\\/igfae\\\/\",\"logo\":{\"@type\":\"ImageObject\",\"inLanguage\":\"es-ES\",\"@id\":\"https:\\\/\\\/igfae.usc.es\\\/igfae\\\/#\\\/schema\\\/logo\\\/image\\\/\",\"url\":\"https:\\\/\\\/igfae.usc.es\\\/igfae\\\/wp-content\\\/uploads\\\/2025\\\/04\\\/seo-igfae.jpg\",\"contentUrl\":\"https:\\\/\\\/igfae.usc.es\\\/igfae\\\/wp-content\\\/uploads\\\/2025\\\/04\\\/seo-igfae.jpg\",\"width\":1920,\"height\":1280,\"caption\":\"Instituto Galego de F\u00edsica de Altas Enerx\u00edas\"},\"image\":{\"@id\":\"https:\\\/\\\/igfae.usc.es\\\/igfae\\\/#\\\/schema\\\/logo\\\/image\\\/\"},\"sameAs\":[\"https:\\\/\\\/x.com\\\/IGFAE_HEP\"]},{\"@type\":\"Person\",\"@id\":\"https:\\\/\\\/igfae.usc.es\\\/igfae\\\/#\\\/schema\\\/person\\\/7edb28d4e85fc09a1d4a05dd2b844174\",\"name\":\"Manuel\",\"image\":{\"@type\":\"ImageObject\",\"inLanguage\":\"es-ES\",\"@id\":\"https:\\\/\\\/secure.gravatar.com\\\/avatar\\\/92b6d25b24eb9115f11ff9585492998eef62b80c7a05fd1ccd3f44ea80f2cffb?s=96&d=mm&r=g\",\"url\":\"https:\\\/\\\/secure.gravatar.com\\\/avatar\\\/92b6d25b24eb9115f11ff9585492998eef62b80c7a05fd1ccd3f44ea80f2cffb?s=96&d=mm&r=g\",\"contentUrl\":\"https:\\\/\\\/secure.gravatar.com\\\/avatar\\\/92b6d25b24eb9115f11ff9585492998eef62b80c7a05fd1ccd3f44ea80f2cffb?s=96&d=mm&r=g\",\"caption\":\"Manuel\"},\"url\":\"https:\\\/\\\/igfae.usc.es\\\/igfae\\\/es\\\/author\\\/manuelrey-pan\\\/\"}]}<\/script>\n<!-- \/ Yoast SEO plugin. -->","yoast_head_json":{"title":"El IGFAE recibe la visita de la Red de Pol\u00edticas de I+D+I.","description":"El pleno de esta entidad se reuni\u00f3 en Santiago de Compostela, en un encuentro organizado por la Axencia Galega de Innovaci\u00f3n.","robots":{"index":"index","follow":"follow","max-snippet":"max-snippet:-1","max-image-preview":"max-image-preview:large","max-video-preview":"max-video-preview:-1"},"canonical":"https:\/\/igfae.usc.es\/igfae\/es\/el-igfae-recibe-la-visita-de-la-red-de-politicas-de-idi\/","og_locale":"es_ES","og_type":"article","og_title":"El IGFAE recibe la visita de la Red de Pol\u00edticas de I+D+I.","og_description":"El pleno de esta entidad se reuni\u00f3 en Santiago de Compostela, en un encuentro organizado por la Axencia Galega de Innovaci\u00f3n.","og_url":"https:\/\/igfae.usc.es\/igfae\/es\/el-igfae-recibe-la-visita-de-la-red-de-politicas-de-idi\/","og_site_name":"IGFAE","article_published_time":"2026-04-23T07:38:22+00:00","og_image":[{"width":1500,"height":987,"url":"https:\/\/igfae.usc.es\/igfae\/wp-content\/uploads\/2026-04-22-Red-IDI-IGFAE-2.jpg","type":"image\/jpeg"}],"author":"Manuel","twitter_card":"summary_large_image","twitter_creator":"@IGFAE_HEP","twitter_site":"@IGFAE_HEP","twitter_misc":{"Written by":"Manuel","Est. reading time":"2 minutes"},"schema":{"@context":"https:\/\/schema.org","@graph":[{"@type":"Article","@id":"https:\/\/igfae.usc.es\/igfae\/es\/el-igfae-recibe-la-visita-de-la-red-de-politicas-de-idi\/#article","isPartOf":{"@id":"https:\/\/igfae.usc.es\/igfae\/es\/el-igfae-recibe-la-visita-de-la-red-de-politicas-de-idi\/"},"author":{"name":"Manuel","@id":"https:\/\/igfae.usc.es\/igfae\/#\/schema\/person\/7edb28d4e85fc09a1d4a05dd2b844174"},"headline":"El IGFAE recibe la visita de la Red de Pol\u00edticas de I+D+I","datePublished":"2026-04-23T07:38:22+00:00","mainEntityOfPage":{"@id":"https:\/\/igfae.usc.es\/igfae\/es\/el-igfae-recibe-la-visita-de-la-red-de-politicas-de-idi\/"},"wordCount":371,"publisher":{"@id":"https:\/\/igfae.usc.es\/igfae\/#organization"},"image":{"@id":"https:\/\/igfae.usc.es\/igfae\/es\/el-igfae-recibe-la-visita-de-la-red-de-politicas-de-idi\/#primaryimage"},"thumbnailUrl":"https:\/\/igfae.usc.es\/igfae\/wp-content\/uploads\/2026-04-22-Red-IDI-IGFAE-2.jpg","articleSection":["Noticias"],"inLanguage":"es-ES"},{"@type":"WebPage","@id":"https:\/\/igfae.usc.es\/igfae\/es\/el-igfae-recibe-la-visita-de-la-red-de-politicas-de-idi\/","url":"https:\/\/igfae.usc.es\/igfae\/es\/el-igfae-recibe-la-visita-de-la-red-de-politicas-de-idi\/","name":"El IGFAE recibe la visita de la Red de Pol\u00edticas de I+D+I.","isPartOf":{"@id":"https:\/\/igfae.usc.es\/igfae\/#website"},"primaryImageOfPage":{"@id":"https:\/\/igfae.usc.es\/igfae\/es\/el-igfae-recibe-la-visita-de-la-red-de-politicas-de-idi\/#primaryimage"},"image":{"@id":"https:\/\/igfae.usc.es\/igfae\/es\/el-igfae-recibe-la-visita-de-la-red-de-politicas-de-idi\/#primaryimage"},"thumbnailUrl":"https:\/\/igfae.usc.es\/igfae\/wp-content\/uploads\/2026-04-22-Red-IDI-IGFAE-2.jpg","datePublished":"2026-04-23T07:38:22+00:00","description":"El pleno de esta entidad se reuni\u00f3 en Santiago de Compostela, en un encuentro organizado por la Axencia Galega de Innovaci\u00f3n.","breadcrumb":{"@id":"https:\/\/igfae.usc.es\/igfae\/es\/el-igfae-recibe-la-visita-de-la-red-de-politicas-de-idi\/#breadcrumb"},"inLanguage":"es-ES","potentialAction":[{"@type":"ReadAction","target":["https:\/\/igfae.usc.es\/igfae\/es\/el-igfae-recibe-la-visita-de-la-red-de-politicas-de-idi\/"]}]},{"@type":"ImageObject","inLanguage":"es-ES","@id":"https:\/\/igfae.usc.es\/igfae\/es\/el-igfae-recibe-la-visita-de-la-red-de-politicas-de-idi\/#primaryimage","url":"https:\/\/igfae.usc.es\/igfae\/wp-content\/uploads\/2026-04-22-Red-IDI-IGFAE-2.jpg","contentUrl":"https:\/\/igfae.usc.es\/igfae\/wp-content\/uploads\/2026-04-22-Red-IDI-IGFAE-2.jpg","width":1500,"height":987},{"@type":"BreadcrumbList","@id":"https:\/\/igfae.usc.es\/igfae\/es\/el-igfae-recibe-la-visita-de-la-red-de-politicas-de-idi\/#breadcrumb","itemListElement":[{"@type":"ListItem","position":1,"name":"Inicio","item":"https:\/\/igfae.usc.es\/igfae\/es\/"},{"@type":"ListItem","position":2,"name":"El IGFAE recibe la visita de la Red de Pol\u00edticas de I+D+I"}]},{"@type":"WebSite","@id":"https:\/\/igfae.usc.es\/igfae\/#website","url":"https:\/\/igfae.usc.es\/igfae\/","name":"IGFAE","description":"Instituto Galego de F\u00edsica de Altas Enerx\u00edas","publisher":{"@id":"https:\/\/igfae.usc.es\/igfae\/#organization"},"potentialAction":[{"@type":"SearchAction","target":{"@type":"EntryPoint","urlTemplate":"https:\/\/igfae.usc.es\/igfae\/?s={search_term_string}"},"query-input":{"@type":"PropertyValueSpecification","valueRequired":true,"valueName":"search_term_string"}}],"inLanguage":"es-ES"},{"@type":"Organization","@id":"https:\/\/igfae.usc.es\/igfae\/#organization","name":"Instituto Galego de F\u00edsica de Altas Enerx\u00edas","url":"https:\/\/igfae.usc.es\/igfae\/","logo":{"@type":"ImageObject","inLanguage":"es-ES","@id":"https:\/\/igfae.usc.es\/igfae\/#\/schema\/logo\/image\/","url":"https:\/\/igfae.usc.es\/igfae\/wp-content\/uploads\/2025\/04\/seo-igfae.jpg","contentUrl":"https:\/\/igfae.usc.es\/igfae\/wp-content\/uploads\/2025\/04\/seo-igfae.jpg","width":1920,"height":1280,"caption":"Instituto Galego de F\u00edsica de Altas Enerx\u00edas"},"image":{"@id":"https:\/\/igfae.usc.es\/igfae\/#\/schema\/logo\/image\/"},"sameAs":["https:\/\/x.com\/IGFAE_HEP"]},{"@type":"Person","@id":"https:\/\/igfae.usc.es\/igfae\/#\/schema\/person\/7edb28d4e85fc09a1d4a05dd2b844174","name":"Manuel","image":{"@type":"ImageObject","inLanguage":"es-ES","@id":"https:\/\/secure.gravatar.com\/avatar\/92b6d25b24eb9115f11ff9585492998eef62b80c7a05fd1ccd3f44ea80f2cffb?s=96&d=mm&r=g","url":"https:\/\/secure.gravatar.com\/avatar\/92b6d25b24eb9115f11ff9585492998eef62b80c7a05fd1ccd3f44ea80f2cffb?s=96&d=mm&r=g","contentUrl":"https:\/\/secure.gravatar.com\/avatar\/92b6d25b24eb9115f11ff9585492998eef62b80c7a05fd1ccd3f44ea80f2cffb?s=96&d=mm&r=g","caption":"Manuel"},"url":"https:\/\/igfae.usc.es\/igfae\/es\/author\/manuelrey-pan\/"}]}},"_links":{"self":[{"href":"https:\/\/igfae.usc.es\/igfae\/es\/wp-json\/wp\/v2\/posts\/23571","targetHints":{"allow":["GET"]}}],"collection":[{"href":"https:\/\/igfae.usc.es\/igfae\/es\/wp-json\/wp\/v2\/posts"}],"about":[{"href":"https:\/\/igfae.usc.es\/igfae\/es\/wp-json\/wp\/v2\/types\/post"}],"author":[{"embeddable":true,"href":"https:\/\/igfae.usc.es\/igfae\/es\/wp-json\/wp\/v2\/users\/11"}],"replies":[{"embeddable":true,"href":"https:\/\/igfae.usc.es\/igfae\/es\/wp-json\/wp\/v2\/comments?post=23571"}],"version-history":[{"count":0,"href":"https:\/\/igfae.usc.es\/igfae\/es\/wp-json\/wp\/v2\/posts\/23571\/revisions"}],"wp:featuredmedia":[{"embeddable":true,"href":"https:\/\/igfae.usc.es\/igfae\/es\/wp-json\/wp\/v2\/media\/23537"}],"wp:attachment":[{"href":"https:\/\/igfae.usc.es\/igfae\/es\/wp-json\/wp\/v2\/media?parent=23571"}],"wp:term":[{"taxonomy":"category","embeddable":true,"href":"https:\/\/igfae.usc.es\/igfae\/es\/wp-json\/wp\/v2\/categories?post=23571"}],"curies":[{"name":"wp","href":"https:\/\/api.w.org\/{rel}","templated":true}]}}