{"id":22253,"date":"2026-01-27T18:47:11","date_gmt":"2026-01-27T17:47:11","guid":{"rendered":"https:\/\/igfae.usc.es\/igfae\/?p=22253"},"modified":"2026-02-13T09:13:32","modified_gmt":"2026-02-13T08:13:32","slug":"no-es-el-fin-del-mundo-podcast-santiago-de-compostela","status":"publish","type":"post","link":"https:\/\/igfae.usc.es\/igfae\/es\/no-es-el-fin-del-mundo-podcast-santiago-de-compostela\/","title":{"rendered":"El podcast \u201cNo es el fin del mundo\u201d analiza en Santiago la dimensi\u00f3n geopol\u00edtica de la f\u00edsica de part\u00edculas"},"content":{"rendered":"<p>El podcast \u201c<a href=\"https:\/\/elordenmundial.com\/podcasts\/no-es-el-fin-del-mundo\/\" target=\"_blank\" rel=\"noopener\">No es el fin del mundo<\/a>\u201d, uno de los m\u00e1s seguidos en el mundo hispanohablante, llega por primera vez a Galicia de la mano del Instituto Galego de F\u00edsica de Altas Enerx\u00edas (IGFAE). Ser\u00e1 el jueves 19 de febrero (19.00 horas, en la Casa das M\u00e1quinas), con un episodio en directo que abordar\u00e1 la dimensi\u00f3n geopol\u00edtica de la f\u00edsica de part\u00edculas y nuclear a lo largo de la historia. La entrada ser\u00e1 libre hasta completar aforo.<\/p>\n<p>El episodio, conducido por Fernando Aranc\u00f3n, Alba Leiva y Eduardo Salda\u00f1a, detallar\u00e1 c\u00f3mo esta ciencia ha ido moldeando el desarrollo tecnol\u00f3gico desde la antig\u00fcedad y, de esta manera, ha influido tambi\u00e9n en numerosos acontecimientos geopol\u00edticos.<\/p>\n<p>Desde la revoluci\u00f3n cient\u00edfica impulsada por figuras como Isaac Newton, pasando por el enorme desarrollo que comienza desde finales del siglo XIX, la f\u00edsica de part\u00edculas y nuclear ha quedado grabada en el imaginario colectivo por la creaci\u00f3n de la bomba at\u00f3mica o cat\u00e1strofes como Chern\u00f3bil. No obstante, y sin obviar la terrible huella que dejaron las armas de destrucci\u00f3n masiva, los avances en esta disciplina han generado muchos otros beneficios de incalculable valor para la sociedad.<\/p>\n<p>Entre ellos -y adem\u00e1s de la f\u00edsica nuclear-\u00a0 los rayos X, los esc\u00e1neres PET, la radioterapia, la World Wide Web, las pantallas t\u00e1ctiles, diversos tipos de sensores y detectores o la gesti\u00f3n de grandes cantidades de datos y la computaci\u00f3n avanzada deben sus bases a la investigaci\u00f3n fundamental realizada en laboratorios de f\u00edsica de part\u00edculas.<\/p>\n<p>Del mismo modo, en el episodio tambi\u00e9n se analizar\u00e1n los retos presentes y futuros que plantea la segunda revoluci\u00f3n cu\u00e1ntica. Desde hace a\u00f1os, las principales potencias toman posiciones en el desarrollo de la computaci\u00f3n cu\u00e1ntica, llamada a abrir una nueva era en las comunicaciones y a multiplicar la capacidad de procesamiento de los ordenadores cl\u00e1sicos, entre otras muchas aplicaciones.<\/p>\n<h4><strong>Sobre \u201cNo es el fin del mundo\u201d <\/strong><\/h4>\n<p>&#8220;No es el fin del mundo\u201d es un podcast semanal de divulgaci\u00f3n internacional, realizado por \u201cEl Orden Mundial\u201d, que en 2025 recibi\u00f3 el Premio Ondas al Mejor Podcast Conversacional. En \u00e9l se ofrece contexto y an\u00e1lisis para entender los grandes fen\u00f3menos geopol\u00edticos globales a trav\u00e9s de diversas tem\u00e1ticas y perspectivas.<\/p>\n<p>Desde su lanzamiento, en 2023, suma 250 episodios publicados en las principales plataformas, y se ha consolidado entre los programas m\u00e1s escuchados en Espa\u00f1a. En 2025 recibi\u00f3n m\u00e1s de 13,5 millones de escuchas en Spotify.<\/p>\n<p><iframe title=\"Spotify Embed: 240. La ciencia y el mar: recursos, biolog\u00eda y descubrimientos\" style=\"border-radius: 12px\" width=\"624\" height=\"351\" frameborder=\"0\" allowfullscreen allow=\"autoplay; clipboard-write; encrypted-media; fullscreen; picture-in-picture\" loading=\"lazy\" src=\"https:\/\/open.spotify.com\/embed\/episode\/1zBZN2pbnSWe0FyUxwXMPB\/video?si=e91d1d9220644c7b&amp;utm_source=oembed\"><\/iframe><\/p>\n<h4><strong>Sobre el IGFAE<\/strong><\/h4>\n<p>El Instituto Galego de F\u00edsica de Altas Enerx\u00edas (IGFAE) es un centro de investigaci\u00f3n creado en 1999 por la Universidad de Santiago de Compostela y la Xunta de Galicia. Naci\u00f3 con el objetivo de coordinar y fomentar la investigaci\u00f3n cient\u00edfica y t\u00e9cnica en los campos de la F\u00edsica de Altas Energ\u00edas, de Part\u00edculas y Nuclear, y en \u00e1reas relacionadas como la Astrof\u00edsica, la F\u00edsica M\u00e9dica o la Instrumentaci\u00f3n. En la actualidad, su plantilla est\u00e1 compuesta por unas 140 personas, que trabajan en el \u00e1mbito de la f\u00edsica te\u00f3rica y experimental.<\/p>\n<p>Desde su nacimiento, su trabajo ha estado marcado por una decidida vocaci\u00f3n internacional, participando en algunas de las mayores instalaciones cient\u00edficas del mundo, como la Organizaci\u00f3n Europea para la Investigaci\u00f3n Nuclear (CERN). El IGFAE es miembro fundador del experimento LHCb, en el que participan m\u00e1s de 30 miembros del Instituto. En 2025, junto al resto de la comunidad del CERN, el personal del IGFAE recibi\u00f3 el premio Breakthrough en la categor\u00eda de f\u00edsica fundamental.<\/p>\n<p>Adem\u00e1s del \u00e1rea experimental, el personal del Instituto mantiene una estrecha colaboraci\u00f3n con el CERN desde la perspectiva te\u00f3rica, en \u00e1reas de estudio como la cromodin\u00e1mica cu\u00e1ntica, los neutrinos o la f\u00edsica nuclear. Del mismo modo, el personal del IGFAE est\u00e1 presente en los grupos de discusi\u00f3n de los futuros proyectos del CERN, as\u00ed como en la Estrategia Europea de F\u00edsica de Part\u00edculas.<\/p>\n<p>El equipo del IGFAE tambi\u00e9n participa en otras grandes iniciativas internacionales, como el Observatorio Pierre Auger para la detecci\u00f3n de rayos c\u00f3smicos (del que tambi\u00e9n es miembro fundador), la colaboraci\u00f3n LIGO para el estudio de las ondas gravitacionales, y los aceleradores GSI\/FAIR (Alemania), GANIL (Francia) o FRIB (Estados Unidos).<\/p>\n<p>El centro ha sido reconocido en dos ocasiones (2017 y 2023) como Unidad de Excelencia Mar\u00eda de Maeztu, por parte de la Agencia Estatal de Investigaci\u00f3n del Gobierno de Espa\u00f1a, siendo el primer centro gallego en conseguirlo y el \u00fanico que la ha obtenido en dos ocasiones. Tambi\u00e9n forma parte de la red CIGUS de la Xunta de Galicia, que acredita la calidad y el impacto de su investigaci\u00f3n. Est\u00e1 cofinanciado por la Uni\u00f3n Europea a trav\u00e9s del Programa Galicia Feder 2021-2027.<\/p>\n","protected":false},"excerpt":{"rendered":"<p>El podcast \u201cNo es el fin del mundo\u201d, uno de los m\u00e1s seguidos en el mundo hispanohablante, llega por primera vez a Galicia de la mano del Instituto Galego de F\u00edsica de Altas Enerx\u00edas (IGFAE). Ser\u00e1 el jueves 19 de febrero (19.00 horas, en la Casa das M\u00e1quinas), con un episodio en directo que abordar\u00e1 [&hellip;]<\/p>\n","protected":false},"author":11,"featured_media":22245,"comment_status":"closed","ping_status":"closed","sticky":false,"template":"","format":"standard","meta":{"_acf_changed":false,"footnotes":""},"categories":[250,215],"class_list":["post-22253","post","type-post","status-publish","format-standard","has-post-thumbnail","hentry","category-divulgacion-es","category-noticias-3"],"acf":[],"yoast_head":"<!-- This site is optimized with the Yoast SEO plugin v27.5 - https:\/\/yoast.com\/product\/yoast-seo-wordpress\/ -->\n<title>El podcast \u201cNo es el fin del mundo\u201d analiza en Santiago la dimensi\u00f3n geopol\u00edtica de la f\u00edsica de part\u00edculas<\/title>\n<meta name=\"description\" content=\"El programa de \u201cEl Orden Mundial\u201d llega por primera vez a Galicia de la mano del IGFAE el jueves 19 de febrero a las 19.00 horas\" \/>\n<meta name=\"robots\" content=\"index, follow, max-snippet:-1, max-image-preview:large, max-video-preview:-1\" \/>\n<link rel=\"canonical\" href=\"https:\/\/igfae.usc.es\/igfae\/es\/no-es-el-fin-del-mundo-podcast-santiago-de-compostela\/\" \/>\n<meta property=\"og:locale\" content=\"es_ES\" \/>\n<meta property=\"og:type\" content=\"article\" \/>\n<meta property=\"og:title\" content=\"El podcast \u201cNo es el fin del mundo\u201d analiza en Santiago la dimensi\u00f3n geopol\u00edtica de la f\u00edsica de part\u00edculas\" \/>\n<meta property=\"og:description\" content=\"El programa de \u201cEl Orden Mundial\u201d llega por primera vez a Galicia de la mano del IGFAE el jueves 19 de febrero a las 19.00 horas\" \/>\n<meta property=\"og:url\" content=\"https:\/\/igfae.usc.es\/igfae\/es\/no-es-el-fin-del-mundo-podcast-santiago-de-compostela\/\" \/>\n<meta property=\"og:site_name\" content=\"IGFAE\" \/>\n<meta property=\"article:published_time\" content=\"2026-01-27T17:47:11+00:00\" \/>\n<meta property=\"article:modified_time\" content=\"2026-02-13T08:13:32+00:00\" \/>\n<meta property=\"og:image\" content=\"https:\/\/igfae.usc.es\/igfae\/wp-content\/uploads\/No-es-el-fin-del-mundo.jpg\" \/>\n\t<meta property=\"og:image:width\" content=\"1500\" \/>\n\t<meta property=\"og:image:height\" content=\"844\" \/>\n\t<meta property=\"og:image:type\" content=\"image\/jpeg\" \/>\n<meta name=\"author\" content=\"Manuel\" \/>\n<meta name=\"twitter:card\" content=\"summary_large_image\" \/>\n<meta name=\"twitter:creator\" content=\"@IGFAE_HEP\" \/>\n<meta name=\"twitter:site\" content=\"@IGFAE_HEP\" \/>\n<meta name=\"twitter:label1\" content=\"Written by\" \/>\n\t<meta name=\"twitter:data1\" content=\"Manuel\" \/>\n\t<meta name=\"twitter:label2\" content=\"Est. reading time\" \/>\n\t<meta name=\"twitter:data2\" content=\"5 minutes\" \/>\n<script type=\"application\/ld+json\" class=\"yoast-schema-graph\">{\"@context\":\"https:\\\/\\\/schema.org\",\"@graph\":[{\"@type\":\"Article\",\"@id\":\"https:\\\/\\\/igfae.usc.es\\\/igfae\\\/es\\\/no-es-el-fin-del-mundo-podcast-santiago-de-compostela\\\/#article\",\"isPartOf\":{\"@id\":\"https:\\\/\\\/igfae.usc.es\\\/igfae\\\/es\\\/no-es-el-fin-del-mundo-podcast-santiago-de-compostela\\\/\"},\"author\":{\"name\":\"Manuel\",\"@id\":\"https:\\\/\\\/igfae.usc.es\\\/igfae\\\/#\\\/schema\\\/person\\\/7edb28d4e85fc09a1d4a05dd2b844174\"},\"headline\":\"El podcast \u201cNo es el fin del mundo\u201d analiza en Santiago la dimensi\u00f3n geopol\u00edtica de la f\u00edsica de part\u00edculas\",\"datePublished\":\"2026-01-27T17:47:11+00:00\",\"dateModified\":\"2026-02-13T08:13:32+00:00\",\"mainEntityOfPage\":{\"@id\":\"https:\\\/\\\/igfae.usc.es\\\/igfae\\\/es\\\/no-es-el-fin-del-mundo-podcast-santiago-de-compostela\\\/\"},\"wordCount\":876,\"publisher\":{\"@id\":\"https:\\\/\\\/igfae.usc.es\\\/igfae\\\/#organization\"},\"image\":{\"@id\":\"https:\\\/\\\/igfae.usc.es\\\/igfae\\\/es\\\/no-es-el-fin-del-mundo-podcast-santiago-de-compostela\\\/#primaryimage\"},\"thumbnailUrl\":\"https:\\\/\\\/igfae.usc.es\\\/igfae\\\/wp-content\\\/uploads\\\/No-es-el-fin-del-mundo.jpg\",\"articleSection\":[\"Divulgaci\u00f3n\",\"Noticias\"],\"inLanguage\":\"es-ES\"},{\"@type\":\"WebPage\",\"@id\":\"https:\\\/\\\/igfae.usc.es\\\/igfae\\\/es\\\/no-es-el-fin-del-mundo-podcast-santiago-de-compostela\\\/\",\"url\":\"https:\\\/\\\/igfae.usc.es\\\/igfae\\\/es\\\/no-es-el-fin-del-mundo-podcast-santiago-de-compostela\\\/\",\"name\":\"El podcast \u201cNo es el fin del mundo\u201d analiza en Santiago la dimensi\u00f3n geopol\u00edtica de la f\u00edsica de part\u00edculas\",\"isPartOf\":{\"@id\":\"https:\\\/\\\/igfae.usc.es\\\/igfae\\\/#website\"},\"primaryImageOfPage\":{\"@id\":\"https:\\\/\\\/igfae.usc.es\\\/igfae\\\/es\\\/no-es-el-fin-del-mundo-podcast-santiago-de-compostela\\\/#primaryimage\"},\"image\":{\"@id\":\"https:\\\/\\\/igfae.usc.es\\\/igfae\\\/es\\\/no-es-el-fin-del-mundo-podcast-santiago-de-compostela\\\/#primaryimage\"},\"thumbnailUrl\":\"https:\\\/\\\/igfae.usc.es\\\/igfae\\\/wp-content\\\/uploads\\\/No-es-el-fin-del-mundo.jpg\",\"datePublished\":\"2026-01-27T17:47:11+00:00\",\"dateModified\":\"2026-02-13T08:13:32+00:00\",\"description\":\"El programa de \u201cEl Orden Mundial\u201d llega por primera vez a Galicia de la mano del IGFAE el jueves 19 de febrero a las 19.00 horas\",\"breadcrumb\":{\"@id\":\"https:\\\/\\\/igfae.usc.es\\\/igfae\\\/es\\\/no-es-el-fin-del-mundo-podcast-santiago-de-compostela\\\/#breadcrumb\"},\"inLanguage\":\"es-ES\",\"potentialAction\":[{\"@type\":\"ReadAction\",\"target\":[\"https:\\\/\\\/igfae.usc.es\\\/igfae\\\/es\\\/no-es-el-fin-del-mundo-podcast-santiago-de-compostela\\\/\"]}]},{\"@type\":\"ImageObject\",\"inLanguage\":\"es-ES\",\"@id\":\"https:\\\/\\\/igfae.usc.es\\\/igfae\\\/es\\\/no-es-el-fin-del-mundo-podcast-santiago-de-compostela\\\/#primaryimage\",\"url\":\"https:\\\/\\\/igfae.usc.es\\\/igfae\\\/wp-content\\\/uploads\\\/No-es-el-fin-del-mundo.jpg\",\"contentUrl\":\"https:\\\/\\\/igfae.usc.es\\\/igfae\\\/wp-content\\\/uploads\\\/No-es-el-fin-del-mundo.jpg\",\"width\":1500,\"height\":844},{\"@type\":\"BreadcrumbList\",\"@id\":\"https:\\\/\\\/igfae.usc.es\\\/igfae\\\/es\\\/no-es-el-fin-del-mundo-podcast-santiago-de-compostela\\\/#breadcrumb\",\"itemListElement\":[{\"@type\":\"ListItem\",\"position\":1,\"name\":\"Inicio\",\"item\":\"https:\\\/\\\/igfae.usc.es\\\/igfae\\\/es\\\/\"},{\"@type\":\"ListItem\",\"position\":2,\"name\":\"El podcast \u201cNo es el fin del mundo\u201d analiza en Santiago la dimensi\u00f3n geopol\u00edtica de la f\u00edsica de part\u00edculas\"}]},{\"@type\":\"WebSite\",\"@id\":\"https:\\\/\\\/igfae.usc.es\\\/igfae\\\/#website\",\"url\":\"https:\\\/\\\/igfae.usc.es\\\/igfae\\\/\",\"name\":\"IGFAE\",\"description\":\"Instituto Galego de F\u00edsica de Altas Enerx\u00edas\",\"publisher\":{\"@id\":\"https:\\\/\\\/igfae.usc.es\\\/igfae\\\/#organization\"},\"potentialAction\":[{\"@type\":\"SearchAction\",\"target\":{\"@type\":\"EntryPoint\",\"urlTemplate\":\"https:\\\/\\\/igfae.usc.es\\\/igfae\\\/?s={search_term_string}\"},\"query-input\":{\"@type\":\"PropertyValueSpecification\",\"valueRequired\":true,\"valueName\":\"search_term_string\"}}],\"inLanguage\":\"es-ES\"},{\"@type\":\"Organization\",\"@id\":\"https:\\\/\\\/igfae.usc.es\\\/igfae\\\/#organization\",\"name\":\"Instituto Galego de F\u00edsica de Altas Enerx\u00edas\",\"url\":\"https:\\\/\\\/igfae.usc.es\\\/igfae\\\/\",\"logo\":{\"@type\":\"ImageObject\",\"inLanguage\":\"es-ES\",\"@id\":\"https:\\\/\\\/igfae.usc.es\\\/igfae\\\/#\\\/schema\\\/logo\\\/image\\\/\",\"url\":\"https:\\\/\\\/igfae.usc.es\\\/igfae\\\/wp-content\\\/uploads\\\/2025\\\/04\\\/seo-igfae.jpg\",\"contentUrl\":\"https:\\\/\\\/igfae.usc.es\\\/igfae\\\/wp-content\\\/uploads\\\/2025\\\/04\\\/seo-igfae.jpg\",\"width\":1920,\"height\":1280,\"caption\":\"Instituto Galego de F\u00edsica de Altas Enerx\u00edas\"},\"image\":{\"@id\":\"https:\\\/\\\/igfae.usc.es\\\/igfae\\\/#\\\/schema\\\/logo\\\/image\\\/\"},\"sameAs\":[\"https:\\\/\\\/x.com\\\/IGFAE_HEP\"]},{\"@type\":\"Person\",\"@id\":\"https:\\\/\\\/igfae.usc.es\\\/igfae\\\/#\\\/schema\\\/person\\\/7edb28d4e85fc09a1d4a05dd2b844174\",\"name\":\"Manuel\",\"image\":{\"@type\":\"ImageObject\",\"inLanguage\":\"es-ES\",\"@id\":\"https:\\\/\\\/secure.gravatar.com\\\/avatar\\\/92b6d25b24eb9115f11ff9585492998eef62b80c7a05fd1ccd3f44ea80f2cffb?s=96&d=mm&r=g\",\"url\":\"https:\\\/\\\/secure.gravatar.com\\\/avatar\\\/92b6d25b24eb9115f11ff9585492998eef62b80c7a05fd1ccd3f44ea80f2cffb?s=96&d=mm&r=g\",\"contentUrl\":\"https:\\\/\\\/secure.gravatar.com\\\/avatar\\\/92b6d25b24eb9115f11ff9585492998eef62b80c7a05fd1ccd3f44ea80f2cffb?s=96&d=mm&r=g\",\"caption\":\"Manuel\"},\"url\":\"https:\\\/\\\/igfae.usc.es\\\/igfae\\\/es\\\/author\\\/manuelrey-pan\\\/\"}]}<\/script>\n<!-- \/ Yoast SEO plugin. -->","yoast_head_json":{"title":"El podcast \u201cNo es el fin del mundo\u201d analiza en Santiago la dimensi\u00f3n geopol\u00edtica de la f\u00edsica de part\u00edculas","description":"El programa de \u201cEl Orden Mundial\u201d llega por primera vez a Galicia de la mano del IGFAE el jueves 19 de febrero a las 19.00 horas","robots":{"index":"index","follow":"follow","max-snippet":"max-snippet:-1","max-image-preview":"max-image-preview:large","max-video-preview":"max-video-preview:-1"},"canonical":"https:\/\/igfae.usc.es\/igfae\/es\/no-es-el-fin-del-mundo-podcast-santiago-de-compostela\/","og_locale":"es_ES","og_type":"article","og_title":"El podcast \u201cNo es el fin del mundo\u201d analiza en Santiago la dimensi\u00f3n geopol\u00edtica de la f\u00edsica de part\u00edculas","og_description":"El programa de \u201cEl Orden Mundial\u201d llega por primera vez a Galicia de la mano del IGFAE el jueves 19 de febrero a las 19.00 horas","og_url":"https:\/\/igfae.usc.es\/igfae\/es\/no-es-el-fin-del-mundo-podcast-santiago-de-compostela\/","og_site_name":"IGFAE","article_published_time":"2026-01-27T17:47:11+00:00","article_modified_time":"2026-02-13T08:13:32+00:00","og_image":[{"width":1500,"height":844,"url":"https:\/\/igfae.usc.es\/igfae\/wp-content\/uploads\/No-es-el-fin-del-mundo.jpg","type":"image\/jpeg"}],"author":"Manuel","twitter_card":"summary_large_image","twitter_creator":"@IGFAE_HEP","twitter_site":"@IGFAE_HEP","twitter_misc":{"Written by":"Manuel","Est. reading time":"5 minutes"},"schema":{"@context":"https:\/\/schema.org","@graph":[{"@type":"Article","@id":"https:\/\/igfae.usc.es\/igfae\/es\/no-es-el-fin-del-mundo-podcast-santiago-de-compostela\/#article","isPartOf":{"@id":"https:\/\/igfae.usc.es\/igfae\/es\/no-es-el-fin-del-mundo-podcast-santiago-de-compostela\/"},"author":{"name":"Manuel","@id":"https:\/\/igfae.usc.es\/igfae\/#\/schema\/person\/7edb28d4e85fc09a1d4a05dd2b844174"},"headline":"El podcast \u201cNo es el fin del mundo\u201d analiza en Santiago la dimensi\u00f3n geopol\u00edtica de la f\u00edsica de part\u00edculas","datePublished":"2026-01-27T17:47:11+00:00","dateModified":"2026-02-13T08:13:32+00:00","mainEntityOfPage":{"@id":"https:\/\/igfae.usc.es\/igfae\/es\/no-es-el-fin-del-mundo-podcast-santiago-de-compostela\/"},"wordCount":876,"publisher":{"@id":"https:\/\/igfae.usc.es\/igfae\/#organization"},"image":{"@id":"https:\/\/igfae.usc.es\/igfae\/es\/no-es-el-fin-del-mundo-podcast-santiago-de-compostela\/#primaryimage"},"thumbnailUrl":"https:\/\/igfae.usc.es\/igfae\/wp-content\/uploads\/No-es-el-fin-del-mundo.jpg","articleSection":["Divulgaci\u00f3n","Noticias"],"inLanguage":"es-ES"},{"@type":"WebPage","@id":"https:\/\/igfae.usc.es\/igfae\/es\/no-es-el-fin-del-mundo-podcast-santiago-de-compostela\/","url":"https:\/\/igfae.usc.es\/igfae\/es\/no-es-el-fin-del-mundo-podcast-santiago-de-compostela\/","name":"El podcast \u201cNo es el fin del mundo\u201d analiza en Santiago la dimensi\u00f3n geopol\u00edtica de la f\u00edsica de part\u00edculas","isPartOf":{"@id":"https:\/\/igfae.usc.es\/igfae\/#website"},"primaryImageOfPage":{"@id":"https:\/\/igfae.usc.es\/igfae\/es\/no-es-el-fin-del-mundo-podcast-santiago-de-compostela\/#primaryimage"},"image":{"@id":"https:\/\/igfae.usc.es\/igfae\/es\/no-es-el-fin-del-mundo-podcast-santiago-de-compostela\/#primaryimage"},"thumbnailUrl":"https:\/\/igfae.usc.es\/igfae\/wp-content\/uploads\/No-es-el-fin-del-mundo.jpg","datePublished":"2026-01-27T17:47:11+00:00","dateModified":"2026-02-13T08:13:32+00:00","description":"El programa de \u201cEl Orden Mundial\u201d llega por primera vez a Galicia de la mano del IGFAE el jueves 19 de febrero a las 19.00 horas","breadcrumb":{"@id":"https:\/\/igfae.usc.es\/igfae\/es\/no-es-el-fin-del-mundo-podcast-santiago-de-compostela\/#breadcrumb"},"inLanguage":"es-ES","potentialAction":[{"@type":"ReadAction","target":["https:\/\/igfae.usc.es\/igfae\/es\/no-es-el-fin-del-mundo-podcast-santiago-de-compostela\/"]}]},{"@type":"ImageObject","inLanguage":"es-ES","@id":"https:\/\/igfae.usc.es\/igfae\/es\/no-es-el-fin-del-mundo-podcast-santiago-de-compostela\/#primaryimage","url":"https:\/\/igfae.usc.es\/igfae\/wp-content\/uploads\/No-es-el-fin-del-mundo.jpg","contentUrl":"https:\/\/igfae.usc.es\/igfae\/wp-content\/uploads\/No-es-el-fin-del-mundo.jpg","width":1500,"height":844},{"@type":"BreadcrumbList","@id":"https:\/\/igfae.usc.es\/igfae\/es\/no-es-el-fin-del-mundo-podcast-santiago-de-compostela\/#breadcrumb","itemListElement":[{"@type":"ListItem","position":1,"name":"Inicio","item":"https:\/\/igfae.usc.es\/igfae\/es\/"},{"@type":"ListItem","position":2,"name":"El podcast \u201cNo es el fin del mundo\u201d analiza en Santiago la dimensi\u00f3n geopol\u00edtica de la f\u00edsica de part\u00edculas"}]},{"@type":"WebSite","@id":"https:\/\/igfae.usc.es\/igfae\/#website","url":"https:\/\/igfae.usc.es\/igfae\/","name":"IGFAE","description":"Instituto Galego de F\u00edsica de Altas Enerx\u00edas","publisher":{"@id":"https:\/\/igfae.usc.es\/igfae\/#organization"},"potentialAction":[{"@type":"SearchAction","target":{"@type":"EntryPoint","urlTemplate":"https:\/\/igfae.usc.es\/igfae\/?s={search_term_string}"},"query-input":{"@type":"PropertyValueSpecification","valueRequired":true,"valueName":"search_term_string"}}],"inLanguage":"es-ES"},{"@type":"Organization","@id":"https:\/\/igfae.usc.es\/igfae\/#organization","name":"Instituto Galego de F\u00edsica de Altas Enerx\u00edas","url":"https:\/\/igfae.usc.es\/igfae\/","logo":{"@type":"ImageObject","inLanguage":"es-ES","@id":"https:\/\/igfae.usc.es\/igfae\/#\/schema\/logo\/image\/","url":"https:\/\/igfae.usc.es\/igfae\/wp-content\/uploads\/2025\/04\/seo-igfae.jpg","contentUrl":"https:\/\/igfae.usc.es\/igfae\/wp-content\/uploads\/2025\/04\/seo-igfae.jpg","width":1920,"height":1280,"caption":"Instituto Galego de F\u00edsica de Altas Enerx\u00edas"},"image":{"@id":"https:\/\/igfae.usc.es\/igfae\/#\/schema\/logo\/image\/"},"sameAs":["https:\/\/x.com\/IGFAE_HEP"]},{"@type":"Person","@id":"https:\/\/igfae.usc.es\/igfae\/#\/schema\/person\/7edb28d4e85fc09a1d4a05dd2b844174","name":"Manuel","image":{"@type":"ImageObject","inLanguage":"es-ES","@id":"https:\/\/secure.gravatar.com\/avatar\/92b6d25b24eb9115f11ff9585492998eef62b80c7a05fd1ccd3f44ea80f2cffb?s=96&d=mm&r=g","url":"https:\/\/secure.gravatar.com\/avatar\/92b6d25b24eb9115f11ff9585492998eef62b80c7a05fd1ccd3f44ea80f2cffb?s=96&d=mm&r=g","contentUrl":"https:\/\/secure.gravatar.com\/avatar\/92b6d25b24eb9115f11ff9585492998eef62b80c7a05fd1ccd3f44ea80f2cffb?s=96&d=mm&r=g","caption":"Manuel"},"url":"https:\/\/igfae.usc.es\/igfae\/es\/author\/manuelrey-pan\/"}]}},"_links":{"self":[{"href":"https:\/\/igfae.usc.es\/igfae\/es\/wp-json\/wp\/v2\/posts\/22253","targetHints":{"allow":["GET"]}}],"collection":[{"href":"https:\/\/igfae.usc.es\/igfae\/es\/wp-json\/wp\/v2\/posts"}],"about":[{"href":"https:\/\/igfae.usc.es\/igfae\/es\/wp-json\/wp\/v2\/types\/post"}],"author":[{"embeddable":true,"href":"https:\/\/igfae.usc.es\/igfae\/es\/wp-json\/wp\/v2\/users\/11"}],"replies":[{"embeddable":true,"href":"https:\/\/igfae.usc.es\/igfae\/es\/wp-json\/wp\/v2\/comments?post=22253"}],"version-history":[{"count":2,"href":"https:\/\/igfae.usc.es\/igfae\/es\/wp-json\/wp\/v2\/posts\/22253\/revisions"}],"predecessor-version":[{"id":22259,"href":"https:\/\/igfae.usc.es\/igfae\/es\/wp-json\/wp\/v2\/posts\/22253\/revisions\/22259"}],"wp:featuredmedia":[{"embeddable":true,"href":"https:\/\/igfae.usc.es\/igfae\/es\/wp-json\/wp\/v2\/media\/22245"}],"wp:attachment":[{"href":"https:\/\/igfae.usc.es\/igfae\/es\/wp-json\/wp\/v2\/media?parent=22253"}],"wp:term":[{"taxonomy":"category","embeddable":true,"href":"https:\/\/igfae.usc.es\/igfae\/es\/wp-json\/wp\/v2\/categories?post=22253"}],"curies":[{"name":"wp","href":"https:\/\/api.w.org\/{rel}","templated":true}]}}