{"id":22229,"date":"2026-01-23T00:53:20","date_gmt":"2026-01-22T23:53:20","guid":{"rendered":"https:\/\/igfae.usc.es\/igfae\/?p=22229"},"modified":"2026-01-23T08:07:10","modified_gmt":"2026-01-23T07:07:10","slug":"iberian-strings-2026","status":"publish","type":"post","link":"https:\/\/igfae.usc.es\/igfae\/es\/iberian-strings-2026\/","title":{"rendered":"El congreso Iberian Strings re\u00fane en Santiago a la comunidad investigadora que trabaja en teor\u00eda de cuerdas"},"content":{"rendered":"<p>La ciudad de Santiago de Compostela ha acogido, entre el mi\u00e9rcoles 21 y este viernes 23 de enero, la conferencia <a href=\"https:\/\/indico.global\/event\/15787\/overview\" target=\"_blank\" rel=\"noopener\"><strong>Iberian Strings 2026<\/strong><\/a>, la principal reuni\u00f3n anual de la comunidad investigadora en Espa\u00f1a y Portugal que trabaja en el \u00e1mbito de la teor\u00eda de cuerdas. La organizaci\u00f3n local ha estado a cargo del IGFAE.<\/p>\n<p>Este congreso internacional, que se celebr\u00f3 en la Hospeder\u00eda de San Marti\u00f1o Pinario, ha llegado este a\u00f1o a su 18\u00aa edici\u00f3n, reuniendo a expertos y expertas procedentes de la pen\u00ednsula ib\u00e9rica, as\u00ed como de otros pa\u00edses (Estados Unidos, Grecia, Israel, Jap\u00f3n o Reino Unido, entre otros) para debatir los \u00faltimos avances en cuestiones como la supergravedad, cuerdas, branas, teor\u00edas gauge y temas relacionados en el \u00e1mbito de la f\u00edsica fundamental.<\/p>\n<p>El programa incluy\u00f3 conferencias plenarias (con seis speakers invitados de notable prestigio internacional), sesiones de comunicaciones y un espacio para p\u00f3steres.<\/p>\n<p>El comit\u00e9 organizador local estuvo compuesto por los investigadores del IGFAE Riccardo Borsato, Jose Edelstein, Felipe Agurto Sep\u00falveda, Miguel Garc\u00eda Fern\u00e1ndez, Tim Meier, Marcelo Oyarzo y Kostas Rigatos.<\/p>\n<h4><strong>Sobre el IGFAE<\/strong><\/h4>\n<p>El Instituto Galego de F\u00edsica de Altas Enerx\u00edas (IGFAE), es un centro de investigaci\u00f3n creado en 1999 por la Universidad de Santiago de Compostela y la Xunta de Galicia. Naci\u00f3 con el objetivo de coordinar y fomentar la investigaci\u00f3n cient\u00edfica y t\u00e9cnica en los campos de la F\u00edsica de Alta Energ\u00eda, Part\u00edculas y Nuclear, y \u00e1reas relacionadas como la Astrof\u00edsica, la F\u00edsica M\u00e9dica o la Instrumentaci\u00f3n. Acoge a alrededor de 140 personas que participan en instalaciones experimentales como el CERN, el Observatorio Pierre Auger, LIGO o GSI\/FAIR, entre otras.<\/p>\n<p>El centro ha sido acreditado en dos ocasiones (2017 y 2023) como Unidad de Excelencia Mar\u00eda de Maeztu por parte de la Agencia Estatal de Investigaci\u00f3n del Gobierno de Espa\u00f1a. Tambi\u00e9n forma parte de la red CIGUS de la Xunta de Galicia, que acredita la calidad y el impacto de su investigaci\u00f3n. Est\u00e1 cofinanciado por la Uni\u00f3n Europea a trav\u00e9s del Programa Galicia Feder 2021-2027.<\/p>\n","protected":false},"excerpt":{"rendered":"<p>La ciudad de Santiago de Compostela ha acogido, entre el mi\u00e9rcoles 21 y este viernes 23 de enero, la conferencia Iberian Strings 2026, la principal reuni\u00f3n anual de la comunidad investigadora en Espa\u00f1a y Portugal que trabaja en el \u00e1mbito de la teor\u00eda de cuerdas. La organizaci\u00f3n local ha estado a cargo del IGFAE. Este [&hellip;]<\/p>\n","protected":false},"author":11,"featured_media":22223,"comment_status":"closed","ping_status":"closed","sticky":false,"template":"","format":"standard","meta":{"_acf_changed":false,"footnotes":""},"categories":[215,234],"class_list":["post-22229","post","type-post","status-publish","format-standard","has-post-thumbnail","hentry","category-noticias-3","category-noticias-cientificas-3"],"acf":[],"yoast_head":"<!-- This site is optimized with the Yoast SEO plugin v27.5 - https:\/\/yoast.com\/product\/yoast-seo-wordpress\/ -->\n<title>El congreso Iberian Strings re\u00fane en Santiago a la comunidad investigadora que trabaja en teor\u00eda de cuerdas<\/title>\n<meta name=\"description\" content=\"Cerca de un centenar de personas participan en la 18\u00aa edici\u00f3n de esta conferencia anual, organizada en esta ocasi\u00f3n por personal del IGFAE\" \/>\n<meta name=\"robots\" content=\"index, follow, max-snippet:-1, max-image-preview:large, max-video-preview:-1\" \/>\n<link rel=\"canonical\" href=\"https:\/\/igfae.usc.es\/igfae\/iberian-strings-2026\/\" \/>\n<meta property=\"og:locale\" content=\"es_ES\" \/>\n<meta property=\"og:type\" content=\"article\" \/>\n<meta property=\"og:title\" content=\"El congreso Iberian Strings re\u00fane en Santiago a la comunidad investigadora que trabaja en teor\u00eda de cuerdas\" \/>\n<meta property=\"og:description\" content=\"Cerca de un centenar de personas participan en la 18\u00aa edici\u00f3n de esta conferencia anual, organizada en esta ocasi\u00f3n por personal del IGFAE\" \/>\n<meta property=\"og:url\" content=\"https:\/\/igfae.usc.es\/igfae\/iberian-strings-2026\/\" \/>\n<meta property=\"og:site_name\" content=\"IGFAE\" \/>\n<meta property=\"article:published_time\" content=\"2026-01-22T23:53:20+00:00\" \/>\n<meta property=\"article:modified_time\" content=\"2026-01-23T07:07:10+00:00\" \/>\n<meta property=\"og:image\" content=\"https:\/\/igfae.usc.es\/igfae\/wp-content\/uploads\/Iberian-Strings-2026-1.jpg\" \/>\n\t<meta property=\"og:image:width\" content=\"1855\" \/>\n\t<meta property=\"og:image:height\" content=\"1311\" \/>\n\t<meta property=\"og:image:type\" content=\"image\/jpeg\" \/>\n<meta name=\"author\" content=\"Manuel\" \/>\n<meta name=\"twitter:card\" content=\"summary_large_image\" \/>\n<meta name=\"twitter:creator\" content=\"@IGFAE_HEP\" \/>\n<meta name=\"twitter:site\" content=\"@IGFAE_HEP\" \/>\n<meta name=\"twitter:label1\" content=\"Written by\" \/>\n\t<meta name=\"twitter:data1\" content=\"Manuel\" \/>\n\t<meta name=\"twitter:label2\" content=\"Est. reading time\" \/>\n\t<meta name=\"twitter:data2\" content=\"3 minutes\" \/>\n<script type=\"application\/ld+json\" class=\"yoast-schema-graph\">{\"@context\":\"https:\\\/\\\/schema.org\",\"@graph\":[{\"@type\":\"Article\",\"@id\":\"https:\\\/\\\/igfae.usc.es\\\/igfae\\\/iberian-strings-2026\\\/#article\",\"isPartOf\":{\"@id\":\"https:\\\/\\\/igfae.usc.es\\\/igfae\\\/iberian-strings-2026\\\/\"},\"author\":{\"name\":\"Manuel\",\"@id\":\"https:\\\/\\\/igfae.usc.es\\\/igfae\\\/#\\\/schema\\\/person\\\/7edb28d4e85fc09a1d4a05dd2b844174\"},\"headline\":\"El congreso Iberian Strings re\u00fane en Santiago a la comunidad investigadora que trabaja en teor\u00eda de cuerdas\",\"datePublished\":\"2026-01-22T23:53:20+00:00\",\"dateModified\":\"2026-01-23T07:07:10+00:00\",\"mainEntityOfPage\":{\"@id\":\"https:\\\/\\\/igfae.usc.es\\\/igfae\\\/iberian-strings-2026\\\/\"},\"wordCount\":381,\"publisher\":{\"@id\":\"https:\\\/\\\/igfae.usc.es\\\/igfae\\\/#organization\"},\"image\":{\"@id\":\"https:\\\/\\\/igfae.usc.es\\\/igfae\\\/iberian-strings-2026\\\/#primaryimage\"},\"thumbnailUrl\":\"https:\\\/\\\/igfae.usc.es\\\/igfae\\\/wp-content\\\/uploads\\\/Iberian-Strings-2026-1.jpg\",\"articleSection\":[\"Noticias\",\"Noticias cient\u00edficas\"],\"inLanguage\":\"es-ES\"},{\"@type\":\"WebPage\",\"@id\":\"https:\\\/\\\/igfae.usc.es\\\/igfae\\\/iberian-strings-2026\\\/\",\"url\":\"https:\\\/\\\/igfae.usc.es\\\/igfae\\\/iberian-strings-2026\\\/\",\"name\":\"El congreso Iberian Strings re\u00fane en Santiago a la comunidad investigadora que trabaja en teor\u00eda de cuerdas\",\"isPartOf\":{\"@id\":\"https:\\\/\\\/igfae.usc.es\\\/igfae\\\/#website\"},\"primaryImageOfPage\":{\"@id\":\"https:\\\/\\\/igfae.usc.es\\\/igfae\\\/iberian-strings-2026\\\/#primaryimage\"},\"image\":{\"@id\":\"https:\\\/\\\/igfae.usc.es\\\/igfae\\\/iberian-strings-2026\\\/#primaryimage\"},\"thumbnailUrl\":\"https:\\\/\\\/igfae.usc.es\\\/igfae\\\/wp-content\\\/uploads\\\/Iberian-Strings-2026-1.jpg\",\"datePublished\":\"2026-01-22T23:53:20+00:00\",\"dateModified\":\"2026-01-23T07:07:10+00:00\",\"description\":\"Cerca de un centenar de personas participan en la 18\u00aa edici\u00f3n de esta conferencia anual, organizada en esta ocasi\u00f3n por personal del IGFAE\",\"breadcrumb\":{\"@id\":\"https:\\\/\\\/igfae.usc.es\\\/igfae\\\/iberian-strings-2026\\\/#breadcrumb\"},\"inLanguage\":\"es-ES\",\"potentialAction\":[{\"@type\":\"ReadAction\",\"target\":[\"https:\\\/\\\/igfae.usc.es\\\/igfae\\\/iberian-strings-2026\\\/\"]}]},{\"@type\":\"ImageObject\",\"inLanguage\":\"es-ES\",\"@id\":\"https:\\\/\\\/igfae.usc.es\\\/igfae\\\/iberian-strings-2026\\\/#primaryimage\",\"url\":\"https:\\\/\\\/igfae.usc.es\\\/igfae\\\/wp-content\\\/uploads\\\/Iberian-Strings-2026-1.jpg\",\"contentUrl\":\"https:\\\/\\\/igfae.usc.es\\\/igfae\\\/wp-content\\\/uploads\\\/Iberian-Strings-2026-1.jpg\",\"width\":1855,\"height\":1311},{\"@type\":\"BreadcrumbList\",\"@id\":\"https:\\\/\\\/igfae.usc.es\\\/igfae\\\/iberian-strings-2026\\\/#breadcrumb\",\"itemListElement\":[{\"@type\":\"ListItem\",\"position\":1,\"name\":\"Inicio\",\"item\":\"https:\\\/\\\/igfae.usc.es\\\/igfae\\\/es\\\/\"},{\"@type\":\"ListItem\",\"position\":2,\"name\":\"El congreso Iberian Strings re\u00fane en Santiago a la comunidad investigadora que trabaja en teor\u00eda de cuerdas\"}]},{\"@type\":\"WebSite\",\"@id\":\"https:\\\/\\\/igfae.usc.es\\\/igfae\\\/#website\",\"url\":\"https:\\\/\\\/igfae.usc.es\\\/igfae\\\/\",\"name\":\"IGFAE\",\"description\":\"Instituto Galego de F\u00edsica de Altas Enerx\u00edas\",\"publisher\":{\"@id\":\"https:\\\/\\\/igfae.usc.es\\\/igfae\\\/#organization\"},\"potentialAction\":[{\"@type\":\"SearchAction\",\"target\":{\"@type\":\"EntryPoint\",\"urlTemplate\":\"https:\\\/\\\/igfae.usc.es\\\/igfae\\\/?s={search_term_string}\"},\"query-input\":{\"@type\":\"PropertyValueSpecification\",\"valueRequired\":true,\"valueName\":\"search_term_string\"}}],\"inLanguage\":\"es-ES\"},{\"@type\":\"Organization\",\"@id\":\"https:\\\/\\\/igfae.usc.es\\\/igfae\\\/#organization\",\"name\":\"Instituto Galego de F\u00edsica de Altas Enerx\u00edas\",\"url\":\"https:\\\/\\\/igfae.usc.es\\\/igfae\\\/\",\"logo\":{\"@type\":\"ImageObject\",\"inLanguage\":\"es-ES\",\"@id\":\"https:\\\/\\\/igfae.usc.es\\\/igfae\\\/#\\\/schema\\\/logo\\\/image\\\/\",\"url\":\"https:\\\/\\\/igfae.usc.es\\\/igfae\\\/wp-content\\\/uploads\\\/2025\\\/04\\\/seo-igfae.jpg\",\"contentUrl\":\"https:\\\/\\\/igfae.usc.es\\\/igfae\\\/wp-content\\\/uploads\\\/2025\\\/04\\\/seo-igfae.jpg\",\"width\":1920,\"height\":1280,\"caption\":\"Instituto Galego de F\u00edsica de Altas Enerx\u00edas\"},\"image\":{\"@id\":\"https:\\\/\\\/igfae.usc.es\\\/igfae\\\/#\\\/schema\\\/logo\\\/image\\\/\"},\"sameAs\":[\"https:\\\/\\\/x.com\\\/IGFAE_HEP\"]},{\"@type\":\"Person\",\"@id\":\"https:\\\/\\\/igfae.usc.es\\\/igfae\\\/#\\\/schema\\\/person\\\/7edb28d4e85fc09a1d4a05dd2b844174\",\"name\":\"Manuel\",\"image\":{\"@type\":\"ImageObject\",\"inLanguage\":\"es-ES\",\"@id\":\"https:\\\/\\\/secure.gravatar.com\\\/avatar\\\/92b6d25b24eb9115f11ff9585492998eef62b80c7a05fd1ccd3f44ea80f2cffb?s=96&d=mm&r=g\",\"url\":\"https:\\\/\\\/secure.gravatar.com\\\/avatar\\\/92b6d25b24eb9115f11ff9585492998eef62b80c7a05fd1ccd3f44ea80f2cffb?s=96&d=mm&r=g\",\"contentUrl\":\"https:\\\/\\\/secure.gravatar.com\\\/avatar\\\/92b6d25b24eb9115f11ff9585492998eef62b80c7a05fd1ccd3f44ea80f2cffb?s=96&d=mm&r=g\",\"caption\":\"Manuel\"},\"url\":\"https:\\\/\\\/igfae.usc.es\\\/igfae\\\/es\\\/author\\\/manuelrey-pan\\\/\"}]}<\/script>\n<!-- \/ Yoast SEO plugin. -->","yoast_head_json":{"title":"El congreso Iberian Strings re\u00fane en Santiago a la comunidad investigadora que trabaja en teor\u00eda de cuerdas","description":"Cerca de un centenar de personas participan en la 18\u00aa edici\u00f3n de esta conferencia anual, organizada en esta ocasi\u00f3n por personal del IGFAE","robots":{"index":"index","follow":"follow","max-snippet":"max-snippet:-1","max-image-preview":"max-image-preview:large","max-video-preview":"max-video-preview:-1"},"canonical":"https:\/\/igfae.usc.es\/igfae\/iberian-strings-2026\/","og_locale":"es_ES","og_type":"article","og_title":"El congreso Iberian Strings re\u00fane en Santiago a la comunidad investigadora que trabaja en teor\u00eda de cuerdas","og_description":"Cerca de un centenar de personas participan en la 18\u00aa edici\u00f3n de esta conferencia anual, organizada en esta ocasi\u00f3n por personal del IGFAE","og_url":"https:\/\/igfae.usc.es\/igfae\/iberian-strings-2026\/","og_site_name":"IGFAE","article_published_time":"2026-01-22T23:53:20+00:00","article_modified_time":"2026-01-23T07:07:10+00:00","og_image":[{"width":1855,"height":1311,"url":"https:\/\/igfae.usc.es\/igfae\/wp-content\/uploads\/Iberian-Strings-2026-1.jpg","type":"image\/jpeg"}],"author":"Manuel","twitter_card":"summary_large_image","twitter_creator":"@IGFAE_HEP","twitter_site":"@IGFAE_HEP","twitter_misc":{"Written by":"Manuel","Est. reading time":"3 minutes"},"schema":{"@context":"https:\/\/schema.org","@graph":[{"@type":"Article","@id":"https:\/\/igfae.usc.es\/igfae\/iberian-strings-2026\/#article","isPartOf":{"@id":"https:\/\/igfae.usc.es\/igfae\/iberian-strings-2026\/"},"author":{"name":"Manuel","@id":"https:\/\/igfae.usc.es\/igfae\/#\/schema\/person\/7edb28d4e85fc09a1d4a05dd2b844174"},"headline":"El congreso Iberian Strings re\u00fane en Santiago a la comunidad investigadora que trabaja en teor\u00eda de cuerdas","datePublished":"2026-01-22T23:53:20+00:00","dateModified":"2026-01-23T07:07:10+00:00","mainEntityOfPage":{"@id":"https:\/\/igfae.usc.es\/igfae\/iberian-strings-2026\/"},"wordCount":381,"publisher":{"@id":"https:\/\/igfae.usc.es\/igfae\/#organization"},"image":{"@id":"https:\/\/igfae.usc.es\/igfae\/iberian-strings-2026\/#primaryimage"},"thumbnailUrl":"https:\/\/igfae.usc.es\/igfae\/wp-content\/uploads\/Iberian-Strings-2026-1.jpg","articleSection":["Noticias","Noticias cient\u00edficas"],"inLanguage":"es-ES"},{"@type":"WebPage","@id":"https:\/\/igfae.usc.es\/igfae\/iberian-strings-2026\/","url":"https:\/\/igfae.usc.es\/igfae\/iberian-strings-2026\/","name":"El congreso Iberian Strings re\u00fane en Santiago a la comunidad investigadora que trabaja en teor\u00eda de cuerdas","isPartOf":{"@id":"https:\/\/igfae.usc.es\/igfae\/#website"},"primaryImageOfPage":{"@id":"https:\/\/igfae.usc.es\/igfae\/iberian-strings-2026\/#primaryimage"},"image":{"@id":"https:\/\/igfae.usc.es\/igfae\/iberian-strings-2026\/#primaryimage"},"thumbnailUrl":"https:\/\/igfae.usc.es\/igfae\/wp-content\/uploads\/Iberian-Strings-2026-1.jpg","datePublished":"2026-01-22T23:53:20+00:00","dateModified":"2026-01-23T07:07:10+00:00","description":"Cerca de un centenar de personas participan en la 18\u00aa edici\u00f3n de esta conferencia anual, organizada en esta ocasi\u00f3n por personal del IGFAE","breadcrumb":{"@id":"https:\/\/igfae.usc.es\/igfae\/iberian-strings-2026\/#breadcrumb"},"inLanguage":"es-ES","potentialAction":[{"@type":"ReadAction","target":["https:\/\/igfae.usc.es\/igfae\/iberian-strings-2026\/"]}]},{"@type":"ImageObject","inLanguage":"es-ES","@id":"https:\/\/igfae.usc.es\/igfae\/iberian-strings-2026\/#primaryimage","url":"https:\/\/igfae.usc.es\/igfae\/wp-content\/uploads\/Iberian-Strings-2026-1.jpg","contentUrl":"https:\/\/igfae.usc.es\/igfae\/wp-content\/uploads\/Iberian-Strings-2026-1.jpg","width":1855,"height":1311},{"@type":"BreadcrumbList","@id":"https:\/\/igfae.usc.es\/igfae\/iberian-strings-2026\/#breadcrumb","itemListElement":[{"@type":"ListItem","position":1,"name":"Inicio","item":"https:\/\/igfae.usc.es\/igfae\/es\/"},{"@type":"ListItem","position":2,"name":"El congreso Iberian Strings re\u00fane en Santiago a la comunidad investigadora que trabaja en teor\u00eda de cuerdas"}]},{"@type":"WebSite","@id":"https:\/\/igfae.usc.es\/igfae\/#website","url":"https:\/\/igfae.usc.es\/igfae\/","name":"IGFAE","description":"Instituto Galego de F\u00edsica de Altas Enerx\u00edas","publisher":{"@id":"https:\/\/igfae.usc.es\/igfae\/#organization"},"potentialAction":[{"@type":"SearchAction","target":{"@type":"EntryPoint","urlTemplate":"https:\/\/igfae.usc.es\/igfae\/?s={search_term_string}"},"query-input":{"@type":"PropertyValueSpecification","valueRequired":true,"valueName":"search_term_string"}}],"inLanguage":"es-ES"},{"@type":"Organization","@id":"https:\/\/igfae.usc.es\/igfae\/#organization","name":"Instituto Galego de F\u00edsica de Altas Enerx\u00edas","url":"https:\/\/igfae.usc.es\/igfae\/","logo":{"@type":"ImageObject","inLanguage":"es-ES","@id":"https:\/\/igfae.usc.es\/igfae\/#\/schema\/logo\/image\/","url":"https:\/\/igfae.usc.es\/igfae\/wp-content\/uploads\/2025\/04\/seo-igfae.jpg","contentUrl":"https:\/\/igfae.usc.es\/igfae\/wp-content\/uploads\/2025\/04\/seo-igfae.jpg","width":1920,"height":1280,"caption":"Instituto Galego de F\u00edsica de Altas Enerx\u00edas"},"image":{"@id":"https:\/\/igfae.usc.es\/igfae\/#\/schema\/logo\/image\/"},"sameAs":["https:\/\/x.com\/IGFAE_HEP"]},{"@type":"Person","@id":"https:\/\/igfae.usc.es\/igfae\/#\/schema\/person\/7edb28d4e85fc09a1d4a05dd2b844174","name":"Manuel","image":{"@type":"ImageObject","inLanguage":"es-ES","@id":"https:\/\/secure.gravatar.com\/avatar\/92b6d25b24eb9115f11ff9585492998eef62b80c7a05fd1ccd3f44ea80f2cffb?s=96&d=mm&r=g","url":"https:\/\/secure.gravatar.com\/avatar\/92b6d25b24eb9115f11ff9585492998eef62b80c7a05fd1ccd3f44ea80f2cffb?s=96&d=mm&r=g","contentUrl":"https:\/\/secure.gravatar.com\/avatar\/92b6d25b24eb9115f11ff9585492998eef62b80c7a05fd1ccd3f44ea80f2cffb?s=96&d=mm&r=g","caption":"Manuel"},"url":"https:\/\/igfae.usc.es\/igfae\/es\/author\/manuelrey-pan\/"}]}},"_links":{"self":[{"href":"https:\/\/igfae.usc.es\/igfae\/es\/wp-json\/wp\/v2\/posts\/22229","targetHints":{"allow":["GET"]}}],"collection":[{"href":"https:\/\/igfae.usc.es\/igfae\/es\/wp-json\/wp\/v2\/posts"}],"about":[{"href":"https:\/\/igfae.usc.es\/igfae\/es\/wp-json\/wp\/v2\/types\/post"}],"author":[{"embeddable":true,"href":"https:\/\/igfae.usc.es\/igfae\/es\/wp-json\/wp\/v2\/users\/11"}],"replies":[{"embeddable":true,"href":"https:\/\/igfae.usc.es\/igfae\/es\/wp-json\/wp\/v2\/comments?post=22229"}],"version-history":[{"count":2,"href":"https:\/\/igfae.usc.es\/igfae\/es\/wp-json\/wp\/v2\/posts\/22229\/revisions"}],"predecessor-version":[{"id":22235,"href":"https:\/\/igfae.usc.es\/igfae\/es\/wp-json\/wp\/v2\/posts\/22229\/revisions\/22235"}],"wp:featuredmedia":[{"embeddable":true,"href":"https:\/\/igfae.usc.es\/igfae\/es\/wp-json\/wp\/v2\/media\/22223"}],"wp:attachment":[{"href":"https:\/\/igfae.usc.es\/igfae\/es\/wp-json\/wp\/v2\/media?parent=22229"}],"wp:term":[{"taxonomy":"category","embeddable":true,"href":"https:\/\/igfae.usc.es\/igfae\/es\/wp-json\/wp\/v2\/categories?post=22229"}],"curies":[{"name":"wp","href":"https:\/\/api.w.org\/{rel}","templated":true}]}}