{"id":21519,"date":"2025-10-31T08:25:31","date_gmt":"2025-10-31T07:25:31","guid":{"rendered":"https:\/\/igfae.usc.es\/igfae\/centenario-da-mecanica-cuantica-semana-da-ciencia\/"},"modified":"2025-11-01T13:09:04","modified_gmt":"2025-11-01T12:09:04","slug":"centenario-mecanica-cuantica-semana-ciencia","status":"publish","type":"post","link":"https:\/\/igfae.usc.es\/igfae\/es\/centenario-mecanica-cuantica-semana-ciencia\/","title":{"rendered":"El centenario de la mec\u00e1nica cu\u00e1ntica protagoniza la Semana de la Ciencia del IGFAE"},"content":{"rendered":"<p>En este 2025 est\u00e1 celebr\u00e1ndose el <a href=\"https:\/\/quantum2025.org\/\" target=\"_blank\" rel=\"noopener\">A\u00f1o Internacional de la Ciencia y la Tecnolog\u00eda Cu\u00e1nticas<\/a>, coincidiendo con el centenario de la publicaci\u00f3n, en 1925, de algunos de los art\u00edculos que sentaron las bases de la mec\u00e1nica cu\u00e1ntica, con la consiguiente revoluci\u00f3n de nuestra comprensi\u00f3n del mundo natural. Con motivo de esta efem\u00e9ride, la Semana de la Ciencia del IGFAE, se acerca desde perspectivas muy diversas la esta disciplina, esencial para el desarrollo de la f\u00edsica moderna.<\/p>\n<p>Esta octava edici\u00f3n se desarrollar\u00e1 del 8 a 14 de noviembre , fechas en las que se enmarca un amplio programa. El s\u00e1bado 8 dar\u00e1 comienzo la Semana de la Ciencia con <a href=\"https:\/\/cienciasingular.usc.es\/\" target=\"_blank\" rel=\"noopener\">Ciencia Singular<\/a>, la jornada de puertas abiertas organizada por CiQUS, CiMUS, CiTIUS, IGFAE y CRETUS, los cinco centros de la USC que forman parte de la red CIGUS de la Xunta de Galicia.<\/p>\n<h4><strong>Conferencia de la f\u00edsica compostelana Ant\u00eda Lamas Li\u00f1ares<\/strong><\/h4>\n<div id=\"attachment_21513\" style=\"width: 1210px\" class=\"wp-caption alignnone\"><img loading=\"lazy\" decoding=\"async\" aria-describedby=\"caption-attachment-21513\" class=\"wp-image-21513 size-full\" src=\"https:\/\/igfae.usc.es\/igfae\/wp-content\/uploads\/Antia-Lamas_Semana-da-Ciencia-IGFAE_web.jpg\" alt=\"Ant\u00eda Lamas Li\u00f1ares, licenciada en F\u00edsica por la USC y cient\u00edfica cu\u00e1ntica en Amazon Web Services, ofrecer\u00e1 una conferencia el martes 11 de noviembre.\" width=\"1200\" height=\"920\" srcset=\"https:\/\/igfae.usc.es\/igfae\/wp-content\/uploads\/Antia-Lamas_Semana-da-Ciencia-IGFAE_web.jpg 1200w, https:\/\/igfae.usc.es\/igfae\/wp-content\/uploads\/Antia-Lamas_Semana-da-Ciencia-IGFAE_web-750x575.jpg 750w, https:\/\/igfae.usc.es\/igfae\/wp-content\/uploads\/Antia-Lamas_Semana-da-Ciencia-IGFAE_web-30x23.jpg 30w\" sizes=\"auto, (max-width: 1200px) 100vw, 1200px\" \/><p id=\"caption-attachment-21513\" class=\"wp-caption-text\">Ant\u00eda Lamas Li\u00f1ares, licenciada en F\u00edsica por la USC y cient\u00edfica cu\u00e1ntica en Amazon Web Services, ofrecer\u00e1 una conferencia el martes 11 de noviembre.<\/p><\/div>\n<p>El acto central de esta semana ser\u00e1 la conferencia de Ant\u00eda Lamas Li\u00f1ares, f\u00edsica compostelana que actualmente es cient\u00edfica cu\u00e1ntica principal en Amazon Web Services, liderando el trabajo de redes cu\u00e1nticas en esta multinacional. Tendr\u00e1 lugar el martes 11 de noviembre a las 20.00 horas en la Casa das M\u00e1quinas (<a href=\"https:\/\/maps.app.goo.gl\/FC9SN1oNwDbe7jnh8\" target=\"_blank\" rel=\"noopener\">R\u00faa das Galeras, s\/n<\/a>).<\/p>\n<p>En su charla, <em>La segunda revoluci\u00f3n cu\u00e1ntica: el camino desde la ciencia a la ingenier\u00eda<\/em>, abordar\u00e1 las oportunidades que ofrece, 100 a\u00f1os despu\u00e9s, el desarrollo de la mec\u00e1nica cu\u00e1ntica para producir nuevas tecnolog\u00edas y productos.<\/p>\n<p>Ant\u00eda Lamas Li\u00f1ares se cri\u00f3 en Santiago y hizo la carrera de F\u00edsica en la USC. Despu\u00e9s obtuvo un m\u00e1ster en \u00d3ptica Aplicada en el Imperial College London, y su doctorado en la Universidad de Oxford. M\u00e1s adelante realiz\u00f3 una estancia posdoctoral en la Universidad de California Santa Barbara, antes de establecer su propio grupo de \u00f3ptica cu\u00e1ntica en la Universidad Nacional de Singapur. Durante su tiempo en Singapur ayud\u00f3 a lanzar el Centro de Tecnolog\u00edas Cu\u00e1nticas, del que fue Investigadora Principal fundadora.<\/p>\n<p>Desde 2010 trabaja en los Estados Unidos, primero en el Instituto Nacional de Est\u00e1ndares y Tecnolog\u00eda y despu\u00e9s en el Centro de Computaci\u00f3n Avanzada de Texas. En 2019 se uni\u00f3 a SpeQtral, una startup singapurense centrada en comunicaciones cu\u00e1nticas basadas en sat\u00e9lites, como Cient\u00edfica Cu\u00e1ntica Principal. En 2021 se incorpor\u00f3 a Amazon.<\/p>\n<h4><strong>\u201cLa baraja cu\u00e1ntica\u201d<\/strong><\/h4>\n<p>Antes de la conferencia de Ant\u00eda Lamas, a las 19.00 horas, la Casa das M\u00e1quinas acoger\u00e1 \u201cLa baraja cu\u00e1ntica: percepci\u00f3n, informaci\u00f3n y realidad\u201d. En esta actividade, el investigador del IGFAE Javier Mas y el ilusionista Kiko Pastur se unen para representar la perplejidad y confusi\u00f3n que supuso el desarrollo de las teor\u00edas de la mec\u00e1nica cu\u00e1ntica sobre nuestra percepci\u00f3n y conocimiento.<\/p>\n<h4><strong>Concierto de Sumrr\u00e1: \u201c7 Visi\u00f3ns\u201d y \u201cO zoom cu\u00e1ntico\u201d<\/strong><\/h4>\n<p>La 8\u00aa Semana de la Ciencia del IGFAE tambi\u00e9n se acercar\u00e1 a la m\u00fasica de la mano de Sumrr\u00e1, una de las bandas de jazz m\u00e1s reconocidas en Galicia, que este a\u00f1o celebra su 25\u00ba aniversario. El mi\u00e9rcoles 12 de noviembre (20.00 horas, auditorio del Centro Galego de Arte Contempor\u00e1nea), el grupo se sumergir\u00e1 en la f\u00edsica con un concierto en el que se estrenar\u00e1 una pieza in\u00e9dita inspirada en la f\u00edsica cu\u00e1ntica. Se trata de una iniciativa del Centro de Supercomputaci\u00f3n de Galicia (CESGA) y el propio IGFAE, con el apoyo del CGAC.<\/p>\n<p>El repertorio de este recital estar\u00e1 centrado en el \u00e1lbum <em>7 Visi\u00f3ns<\/em>, publicado por Sumrr\u00e1 en 2021, en el que el grupo compostelano asumi\u00f3 el ejercicio inspirador de \u201ccoger perspectiva y replantearse a trav\u00e9s de la m\u00fasica nuestra propia existencia\u201d, explican. Junto las piezas de este \u00e1lbum, el grupo estrenar\u00e1 <em>A octava visi\u00f3n. O zoom cu\u00e1ntico<\/em>, una composici\u00f3n in\u00e9dita que \u201cjuega con la idea de transici\u00f3n desde la f\u00edsica cl\u00e1sica hasta la revolucion cu\u00e1ntica, y de c\u00f3mo la visi\u00f3n de la misma realidad puede cambiar dependiendo de la posici\u00f3n, cercan\u00eda, atenci\u00f3n o tecnolog\u00eda\u201d, expone el tr\u00edo.<\/p>\n<h4><strong>Wikimarat\u00f3n de F\u00edsica de Part\u00edculas, NerdNite y taller de danza contempor\u00e1nea<\/strong><\/h4>\n<p>Adem\u00e1s de iniciativas como la ya cl\u00e1sica NerdNite (jueves 13 de noviembre 20.30h, A Nave de Vid\u00e1n), la recta final de la Semana de la Ciencia incluye nuevas iniciativas que pretenden acercarse a nuevos p\u00fablicos, como una Wikimarat\u00f3n de F\u00edsica de Part\u00edculas (jueves 13 de noviembre, 15.30h, en la sede del IGFAE) y un taller sobre f\u00edsica cu\u00e1ntica y danza contempor\u00e1nea (viernes 14 de noviembre, 17.00 horas, CGAC).<\/p>\n<p>La primera edici\u00f3n del <a href=\"https:\/\/gl.wikipedia.org\/wiki\/Wikipedia:Wikimarat%C3%B3n_de_F%C3%ADsica_de_Part%C3%ADculas\" target=\"_blank\" rel=\"noopener\">Wikimarat\u00f3n de F\u00edsica de Part\u00edculas<\/a> tendr\u00e1 el objetivo de crear contenido en la Wikipedia en gallego relacionado con las \u00e1reas de investigaci\u00f3n del IGFAE. La actividad est\u00e1 dirigida al personal del IGFAE, y abierto a estudiantes del grado de F\u00edsica de la USC, titulaciones afines y cualquier persona con inter\u00e9s por la f\u00edsica de part\u00edculas. <a href=\"https:\/\/forms.office.com\/e\/90m5iej6ND?origin=lprLink\" target=\"_blank\" rel=\"noopener\">La inscripci\u00f3n puede realizarse en este enlace.<\/a><\/p>\n<p>La NerdNite se acercar\u00e1 a la cu\u00e1ntica de este diversas perspectivas, como los relojes cu\u00e1nticos, la superconductividad o la influencia de los rayos c\u00f3smicos en la computaci\u00f3n cu\u00e1ntica, de la mano, respectivamente, de Angel Paredes Gal\u00e1n (IFCAE-Universidad de Vigo), Jes\u00fas Mosqueira Rey (Grupo de Materiales Cu\u00e1nticos y Fot\u00f3nica de la USC), y Carolina Filgueira Rama (IGFAE).<\/p>\n<p>La Semana de la Ciencia se cerrar\u00e1 con un nuevo taller que entreteje la f\u00edsica cu\u00e1ntica y la danza contempor\u00e1nea, coordinado por el investigador del IGFAE H\u00e9ctor \u00c1lvarez y la artista Paula Quintas. En \u00e9l, se explorar\u00e1n principios como la superposici\u00f3n, la incertidumbre, el entrelazamiento y la observaci\u00f3n, y su papel a la hora de inspirar nuevas formas de creaci\u00f3n y movimiento. De este modo, el taller invita a artistas, bailarines y curiosos a habitar el espacio entre lo visible y el invisible, el tangible y el potencial, generando una pr\u00e1ctica que combina pensamiento cient\u00edfico, intuici\u00f3n corporal y experimentaci\u00f3n esc\u00e9nica. La inscripci\u00f3n en la actividad, limitada a 25 participantes, se abrir\u00e1 pr\u00f3ximamente.<\/p>\n","protected":false},"excerpt":{"rendered":"<p>En este 2025 est\u00e1 celebr\u00e1ndose el A\u00f1o Internacional de la Ciencia y la Tecnolog\u00eda Cu\u00e1nticas, coincidiendo con el centenario de la publicaci\u00f3n, en 1925, de algunos de los art\u00edculos que sentaron las bases de la mec\u00e1nica cu\u00e1ntica, con la consiguiente revoluci\u00f3n de nuestra comprensi\u00f3n del mundo natural. Con motivo de esta efem\u00e9ride, la Semana de [&hellip;]<\/p>\n","protected":false},"author":11,"featured_media":21507,"comment_status":"closed","ping_status":"closed","sticky":false,"template":"","format":"standard","meta":{"_acf_changed":false,"footnotes":""},"categories":[250,215],"class_list":["post-21519","post","type-post","status-publish","format-standard","has-post-thumbnail","hentry","category-divulgacion-es","category-noticias-3"],"acf":[],"yoast_head":"<!-- This site is optimized with the Yoast SEO plugin v27.4 - https:\/\/yoast.com\/product\/yoast-seo-wordpress\/ -->\n<title>El centenario de la mec\u00e1nica cu\u00e1ntica protagoniza la Semana de la Ciencia del IGFAE<\/title>\n<meta name=\"description\" content=\"Ant\u00eda Lamas Li\u00f1ares, f\u00edsica especializada en comunicaci\u00f3n cu\u00e1ntica, ofrecer\u00e1 la conferencia central el martes 11 de noviembre en la Casa das M\u00e1quinas (20:00 horas)\" \/>\n<meta name=\"robots\" content=\"index, follow, max-snippet:-1, max-image-preview:large, max-video-preview:-1\" \/>\n<link rel=\"canonical\" href=\"https:\/\/igfae.usc.es\/igfae\/es\/centenario-mecanica-cuantica-semana-ciencia\/\" \/>\n<meta property=\"og:locale\" content=\"es_ES\" \/>\n<meta property=\"og:type\" content=\"article\" \/>\n<meta property=\"og:title\" content=\"El centenario de la mec\u00e1nica cu\u00e1ntica protagoniza la Semana de la Ciencia del IGFAE\" \/>\n<meta property=\"og:description\" content=\"Ant\u00eda Lamas Li\u00f1ares, f\u00edsica especializada en comunicaci\u00f3n cu\u00e1ntica, ofrecer\u00e1 la conferencia central el martes 11 de noviembre en la Casa das M\u00e1quinas (20:00 horas)\" \/>\n<meta property=\"og:url\" content=\"https:\/\/igfae.usc.es\/igfae\/es\/centenario-mecanica-cuantica-semana-ciencia\/\" \/>\n<meta property=\"og:site_name\" content=\"IGFAE\" \/>\n<meta property=\"article:published_time\" content=\"2025-10-31T07:25:31+00:00\" \/>\n<meta property=\"article:modified_time\" content=\"2025-11-01T12:09:04+00:00\" \/>\n<meta property=\"og:image\" content=\"https:\/\/igfae.usc.es\/igfae\/wp-content\/uploads\/Semana-da-Ciencia-IGFAE-2025_web.jpg\" \/>\n\t<meta property=\"og:image:width\" content=\"1244\" \/>\n\t<meta property=\"og:image:height\" content=\"700\" \/>\n\t<meta property=\"og:image:type\" content=\"image\/jpeg\" \/>\n<meta name=\"author\" content=\"Manuel\" \/>\n<meta name=\"twitter:card\" content=\"summary_large_image\" \/>\n<meta name=\"twitter:creator\" content=\"@IGFAE_HEP\" \/>\n<meta name=\"twitter:site\" content=\"@IGFAE_HEP\" \/>\n<meta name=\"twitter:label1\" content=\"Written by\" \/>\n\t<meta name=\"twitter:data1\" content=\"Manuel\" \/>\n\t<meta name=\"twitter:label2\" content=\"Est. reading time\" \/>\n\t<meta name=\"twitter:data2\" content=\"6 minutes\" \/>\n<script type=\"application\/ld+json\" class=\"yoast-schema-graph\">{\"@context\":\"https:\\\/\\\/schema.org\",\"@graph\":[{\"@type\":\"Article\",\"@id\":\"https:\\\/\\\/igfae.usc.es\\\/igfae\\\/es\\\/centenario-mecanica-cuantica-semana-ciencia\\\/#article\",\"isPartOf\":{\"@id\":\"https:\\\/\\\/igfae.usc.es\\\/igfae\\\/es\\\/centenario-mecanica-cuantica-semana-ciencia\\\/\"},\"author\":{\"name\":\"Manuel\",\"@id\":\"https:\\\/\\\/igfae.usc.es\\\/igfae\\\/#\\\/schema\\\/person\\\/7edb28d4e85fc09a1d4a05dd2b844174\"},\"headline\":\"El centenario de la mec\u00e1nica cu\u00e1ntica protagoniza la Semana de la Ciencia del IGFAE\",\"datePublished\":\"2025-10-31T07:25:31+00:00\",\"dateModified\":\"2025-11-01T12:09:04+00:00\",\"mainEntityOfPage\":{\"@id\":\"https:\\\/\\\/igfae.usc.es\\\/igfae\\\/es\\\/centenario-mecanica-cuantica-semana-ciencia\\\/\"},\"wordCount\":1116,\"publisher\":{\"@id\":\"https:\\\/\\\/igfae.usc.es\\\/igfae\\\/#organization\"},\"image\":{\"@id\":\"https:\\\/\\\/igfae.usc.es\\\/igfae\\\/es\\\/centenario-mecanica-cuantica-semana-ciencia\\\/#primaryimage\"},\"thumbnailUrl\":\"https:\\\/\\\/igfae.usc.es\\\/igfae\\\/wp-content\\\/uploads\\\/Semana-da-Ciencia-IGFAE-2025_web.jpg\",\"articleSection\":[\"Divulgaci\u00f3n\",\"Noticias\"],\"inLanguage\":\"es-ES\"},{\"@type\":\"WebPage\",\"@id\":\"https:\\\/\\\/igfae.usc.es\\\/igfae\\\/es\\\/centenario-mecanica-cuantica-semana-ciencia\\\/\",\"url\":\"https:\\\/\\\/igfae.usc.es\\\/igfae\\\/es\\\/centenario-mecanica-cuantica-semana-ciencia\\\/\",\"name\":\"El centenario de la mec\u00e1nica cu\u00e1ntica protagoniza la Semana de la Ciencia del IGFAE\",\"isPartOf\":{\"@id\":\"https:\\\/\\\/igfae.usc.es\\\/igfae\\\/#website\"},\"primaryImageOfPage\":{\"@id\":\"https:\\\/\\\/igfae.usc.es\\\/igfae\\\/es\\\/centenario-mecanica-cuantica-semana-ciencia\\\/#primaryimage\"},\"image\":{\"@id\":\"https:\\\/\\\/igfae.usc.es\\\/igfae\\\/es\\\/centenario-mecanica-cuantica-semana-ciencia\\\/#primaryimage\"},\"thumbnailUrl\":\"https:\\\/\\\/igfae.usc.es\\\/igfae\\\/wp-content\\\/uploads\\\/Semana-da-Ciencia-IGFAE-2025_web.jpg\",\"datePublished\":\"2025-10-31T07:25:31+00:00\",\"dateModified\":\"2025-11-01T12:09:04+00:00\",\"description\":\"Ant\u00eda Lamas Li\u00f1ares, f\u00edsica especializada en comunicaci\u00f3n cu\u00e1ntica, ofrecer\u00e1 la conferencia central el martes 11 de noviembre en la Casa das M\u00e1quinas (20:00 horas)\",\"breadcrumb\":{\"@id\":\"https:\\\/\\\/igfae.usc.es\\\/igfae\\\/es\\\/centenario-mecanica-cuantica-semana-ciencia\\\/#breadcrumb\"},\"inLanguage\":\"es-ES\",\"potentialAction\":[{\"@type\":\"ReadAction\",\"target\":[\"https:\\\/\\\/igfae.usc.es\\\/igfae\\\/es\\\/centenario-mecanica-cuantica-semana-ciencia\\\/\"]}]},{\"@type\":\"ImageObject\",\"inLanguage\":\"es-ES\",\"@id\":\"https:\\\/\\\/igfae.usc.es\\\/igfae\\\/es\\\/centenario-mecanica-cuantica-semana-ciencia\\\/#primaryimage\",\"url\":\"https:\\\/\\\/igfae.usc.es\\\/igfae\\\/wp-content\\\/uploads\\\/Semana-da-Ciencia-IGFAE-2025_web.jpg\",\"contentUrl\":\"https:\\\/\\\/igfae.usc.es\\\/igfae\\\/wp-content\\\/uploads\\\/Semana-da-Ciencia-IGFAE-2025_web.jpg\",\"width\":1244,\"height\":700},{\"@type\":\"BreadcrumbList\",\"@id\":\"https:\\\/\\\/igfae.usc.es\\\/igfae\\\/es\\\/centenario-mecanica-cuantica-semana-ciencia\\\/#breadcrumb\",\"itemListElement\":[{\"@type\":\"ListItem\",\"position\":1,\"name\":\"Inicio\",\"item\":\"https:\\\/\\\/igfae.usc.es\\\/igfae\\\/es\\\/\"},{\"@type\":\"ListItem\",\"position\":2,\"name\":\"El centenario de la mec\u00e1nica cu\u00e1ntica protagoniza la Semana de la Ciencia del IGFAE\"}]},{\"@type\":\"WebSite\",\"@id\":\"https:\\\/\\\/igfae.usc.es\\\/igfae\\\/#website\",\"url\":\"https:\\\/\\\/igfae.usc.es\\\/igfae\\\/\",\"name\":\"IGFAE\",\"description\":\"Instituto Galego de F\u00edsica de Altas Enerx\u00edas\",\"publisher\":{\"@id\":\"https:\\\/\\\/igfae.usc.es\\\/igfae\\\/#organization\"},\"potentialAction\":[{\"@type\":\"SearchAction\",\"target\":{\"@type\":\"EntryPoint\",\"urlTemplate\":\"https:\\\/\\\/igfae.usc.es\\\/igfae\\\/?s={search_term_string}\"},\"query-input\":{\"@type\":\"PropertyValueSpecification\",\"valueRequired\":true,\"valueName\":\"search_term_string\"}}],\"inLanguage\":\"es-ES\"},{\"@type\":\"Organization\",\"@id\":\"https:\\\/\\\/igfae.usc.es\\\/igfae\\\/#organization\",\"name\":\"Instituto Galego de F\u00edsica de Altas Enerx\u00edas\",\"url\":\"https:\\\/\\\/igfae.usc.es\\\/igfae\\\/\",\"logo\":{\"@type\":\"ImageObject\",\"inLanguage\":\"es-ES\",\"@id\":\"https:\\\/\\\/igfae.usc.es\\\/igfae\\\/#\\\/schema\\\/logo\\\/image\\\/\",\"url\":\"https:\\\/\\\/igfae.usc.es\\\/igfae\\\/wp-content\\\/uploads\\\/2025\\\/04\\\/seo-igfae.jpg\",\"contentUrl\":\"https:\\\/\\\/igfae.usc.es\\\/igfae\\\/wp-content\\\/uploads\\\/2025\\\/04\\\/seo-igfae.jpg\",\"width\":1920,\"height\":1280,\"caption\":\"Instituto Galego de F\u00edsica de Altas Enerx\u00edas\"},\"image\":{\"@id\":\"https:\\\/\\\/igfae.usc.es\\\/igfae\\\/#\\\/schema\\\/logo\\\/image\\\/\"},\"sameAs\":[\"https:\\\/\\\/x.com\\\/IGFAE_HEP\"]},{\"@type\":\"Person\",\"@id\":\"https:\\\/\\\/igfae.usc.es\\\/igfae\\\/#\\\/schema\\\/person\\\/7edb28d4e85fc09a1d4a05dd2b844174\",\"name\":\"Manuel\",\"image\":{\"@type\":\"ImageObject\",\"inLanguage\":\"es-ES\",\"@id\":\"https:\\\/\\\/secure.gravatar.com\\\/avatar\\\/92b6d25b24eb9115f11ff9585492998eef62b80c7a05fd1ccd3f44ea80f2cffb?s=96&d=mm&r=g\",\"url\":\"https:\\\/\\\/secure.gravatar.com\\\/avatar\\\/92b6d25b24eb9115f11ff9585492998eef62b80c7a05fd1ccd3f44ea80f2cffb?s=96&d=mm&r=g\",\"contentUrl\":\"https:\\\/\\\/secure.gravatar.com\\\/avatar\\\/92b6d25b24eb9115f11ff9585492998eef62b80c7a05fd1ccd3f44ea80f2cffb?s=96&d=mm&r=g\",\"caption\":\"Manuel\"},\"url\":\"https:\\\/\\\/igfae.usc.es\\\/igfae\\\/es\\\/author\\\/manuelrey-pan\\\/\"}]}<\/script>\n<!-- \/ Yoast SEO plugin. -->","yoast_head_json":{"title":"El centenario de la mec\u00e1nica cu\u00e1ntica protagoniza la Semana de la Ciencia del IGFAE","description":"Ant\u00eda Lamas Li\u00f1ares, f\u00edsica especializada en comunicaci\u00f3n cu\u00e1ntica, ofrecer\u00e1 la conferencia central el martes 11 de noviembre en la Casa das M\u00e1quinas (20:00 horas)","robots":{"index":"index","follow":"follow","max-snippet":"max-snippet:-1","max-image-preview":"max-image-preview:large","max-video-preview":"max-video-preview:-1"},"canonical":"https:\/\/igfae.usc.es\/igfae\/es\/centenario-mecanica-cuantica-semana-ciencia\/","og_locale":"es_ES","og_type":"article","og_title":"El centenario de la mec\u00e1nica cu\u00e1ntica protagoniza la Semana de la Ciencia del IGFAE","og_description":"Ant\u00eda Lamas Li\u00f1ares, f\u00edsica especializada en comunicaci\u00f3n cu\u00e1ntica, ofrecer\u00e1 la conferencia central el martes 11 de noviembre en la Casa das M\u00e1quinas (20:00 horas)","og_url":"https:\/\/igfae.usc.es\/igfae\/es\/centenario-mecanica-cuantica-semana-ciencia\/","og_site_name":"IGFAE","article_published_time":"2025-10-31T07:25:31+00:00","article_modified_time":"2025-11-01T12:09:04+00:00","og_image":[{"width":1244,"height":700,"url":"https:\/\/igfae.usc.es\/igfae\/wp-content\/uploads\/Semana-da-Ciencia-IGFAE-2025_web.jpg","type":"image\/jpeg"}],"author":"Manuel","twitter_card":"summary_large_image","twitter_creator":"@IGFAE_HEP","twitter_site":"@IGFAE_HEP","twitter_misc":{"Written by":"Manuel","Est. reading time":"6 minutes"},"schema":{"@context":"https:\/\/schema.org","@graph":[{"@type":"Article","@id":"https:\/\/igfae.usc.es\/igfae\/es\/centenario-mecanica-cuantica-semana-ciencia\/#article","isPartOf":{"@id":"https:\/\/igfae.usc.es\/igfae\/es\/centenario-mecanica-cuantica-semana-ciencia\/"},"author":{"name":"Manuel","@id":"https:\/\/igfae.usc.es\/igfae\/#\/schema\/person\/7edb28d4e85fc09a1d4a05dd2b844174"},"headline":"El centenario de la mec\u00e1nica cu\u00e1ntica protagoniza la Semana de la Ciencia del IGFAE","datePublished":"2025-10-31T07:25:31+00:00","dateModified":"2025-11-01T12:09:04+00:00","mainEntityOfPage":{"@id":"https:\/\/igfae.usc.es\/igfae\/es\/centenario-mecanica-cuantica-semana-ciencia\/"},"wordCount":1116,"publisher":{"@id":"https:\/\/igfae.usc.es\/igfae\/#organization"},"image":{"@id":"https:\/\/igfae.usc.es\/igfae\/es\/centenario-mecanica-cuantica-semana-ciencia\/#primaryimage"},"thumbnailUrl":"https:\/\/igfae.usc.es\/igfae\/wp-content\/uploads\/Semana-da-Ciencia-IGFAE-2025_web.jpg","articleSection":["Divulgaci\u00f3n","Noticias"],"inLanguage":"es-ES"},{"@type":"WebPage","@id":"https:\/\/igfae.usc.es\/igfae\/es\/centenario-mecanica-cuantica-semana-ciencia\/","url":"https:\/\/igfae.usc.es\/igfae\/es\/centenario-mecanica-cuantica-semana-ciencia\/","name":"El centenario de la mec\u00e1nica cu\u00e1ntica protagoniza la Semana de la Ciencia del IGFAE","isPartOf":{"@id":"https:\/\/igfae.usc.es\/igfae\/#website"},"primaryImageOfPage":{"@id":"https:\/\/igfae.usc.es\/igfae\/es\/centenario-mecanica-cuantica-semana-ciencia\/#primaryimage"},"image":{"@id":"https:\/\/igfae.usc.es\/igfae\/es\/centenario-mecanica-cuantica-semana-ciencia\/#primaryimage"},"thumbnailUrl":"https:\/\/igfae.usc.es\/igfae\/wp-content\/uploads\/Semana-da-Ciencia-IGFAE-2025_web.jpg","datePublished":"2025-10-31T07:25:31+00:00","dateModified":"2025-11-01T12:09:04+00:00","description":"Ant\u00eda Lamas Li\u00f1ares, f\u00edsica especializada en comunicaci\u00f3n cu\u00e1ntica, ofrecer\u00e1 la conferencia central el martes 11 de noviembre en la Casa das M\u00e1quinas (20:00 horas)","breadcrumb":{"@id":"https:\/\/igfae.usc.es\/igfae\/es\/centenario-mecanica-cuantica-semana-ciencia\/#breadcrumb"},"inLanguage":"es-ES","potentialAction":[{"@type":"ReadAction","target":["https:\/\/igfae.usc.es\/igfae\/es\/centenario-mecanica-cuantica-semana-ciencia\/"]}]},{"@type":"ImageObject","inLanguage":"es-ES","@id":"https:\/\/igfae.usc.es\/igfae\/es\/centenario-mecanica-cuantica-semana-ciencia\/#primaryimage","url":"https:\/\/igfae.usc.es\/igfae\/wp-content\/uploads\/Semana-da-Ciencia-IGFAE-2025_web.jpg","contentUrl":"https:\/\/igfae.usc.es\/igfae\/wp-content\/uploads\/Semana-da-Ciencia-IGFAE-2025_web.jpg","width":1244,"height":700},{"@type":"BreadcrumbList","@id":"https:\/\/igfae.usc.es\/igfae\/es\/centenario-mecanica-cuantica-semana-ciencia\/#breadcrumb","itemListElement":[{"@type":"ListItem","position":1,"name":"Inicio","item":"https:\/\/igfae.usc.es\/igfae\/es\/"},{"@type":"ListItem","position":2,"name":"El centenario de la mec\u00e1nica cu\u00e1ntica protagoniza la Semana de la Ciencia del IGFAE"}]},{"@type":"WebSite","@id":"https:\/\/igfae.usc.es\/igfae\/#website","url":"https:\/\/igfae.usc.es\/igfae\/","name":"IGFAE","description":"Instituto Galego de F\u00edsica de Altas Enerx\u00edas","publisher":{"@id":"https:\/\/igfae.usc.es\/igfae\/#organization"},"potentialAction":[{"@type":"SearchAction","target":{"@type":"EntryPoint","urlTemplate":"https:\/\/igfae.usc.es\/igfae\/?s={search_term_string}"},"query-input":{"@type":"PropertyValueSpecification","valueRequired":true,"valueName":"search_term_string"}}],"inLanguage":"es-ES"},{"@type":"Organization","@id":"https:\/\/igfae.usc.es\/igfae\/#organization","name":"Instituto Galego de F\u00edsica de Altas Enerx\u00edas","url":"https:\/\/igfae.usc.es\/igfae\/","logo":{"@type":"ImageObject","inLanguage":"es-ES","@id":"https:\/\/igfae.usc.es\/igfae\/#\/schema\/logo\/image\/","url":"https:\/\/igfae.usc.es\/igfae\/wp-content\/uploads\/2025\/04\/seo-igfae.jpg","contentUrl":"https:\/\/igfae.usc.es\/igfae\/wp-content\/uploads\/2025\/04\/seo-igfae.jpg","width":1920,"height":1280,"caption":"Instituto Galego de F\u00edsica de Altas Enerx\u00edas"},"image":{"@id":"https:\/\/igfae.usc.es\/igfae\/#\/schema\/logo\/image\/"},"sameAs":["https:\/\/x.com\/IGFAE_HEP"]},{"@type":"Person","@id":"https:\/\/igfae.usc.es\/igfae\/#\/schema\/person\/7edb28d4e85fc09a1d4a05dd2b844174","name":"Manuel","image":{"@type":"ImageObject","inLanguage":"es-ES","@id":"https:\/\/secure.gravatar.com\/avatar\/92b6d25b24eb9115f11ff9585492998eef62b80c7a05fd1ccd3f44ea80f2cffb?s=96&d=mm&r=g","url":"https:\/\/secure.gravatar.com\/avatar\/92b6d25b24eb9115f11ff9585492998eef62b80c7a05fd1ccd3f44ea80f2cffb?s=96&d=mm&r=g","contentUrl":"https:\/\/secure.gravatar.com\/avatar\/92b6d25b24eb9115f11ff9585492998eef62b80c7a05fd1ccd3f44ea80f2cffb?s=96&d=mm&r=g","caption":"Manuel"},"url":"https:\/\/igfae.usc.es\/igfae\/es\/author\/manuelrey-pan\/"}]}},"_links":{"self":[{"href":"https:\/\/igfae.usc.es\/igfae\/es\/wp-json\/wp\/v2\/posts\/21519","targetHints":{"allow":["GET"]}}],"collection":[{"href":"https:\/\/igfae.usc.es\/igfae\/es\/wp-json\/wp\/v2\/posts"}],"about":[{"href":"https:\/\/igfae.usc.es\/igfae\/es\/wp-json\/wp\/v2\/types\/post"}],"author":[{"embeddable":true,"href":"https:\/\/igfae.usc.es\/igfae\/es\/wp-json\/wp\/v2\/users\/11"}],"replies":[{"embeddable":true,"href":"https:\/\/igfae.usc.es\/igfae\/es\/wp-json\/wp\/v2\/comments?post=21519"}],"version-history":[{"count":4,"href":"https:\/\/igfae.usc.es\/igfae\/es\/wp-json\/wp\/v2\/posts\/21519\/revisions"}],"predecessor-version":[{"id":21535,"href":"https:\/\/igfae.usc.es\/igfae\/es\/wp-json\/wp\/v2\/posts\/21519\/revisions\/21535"}],"wp:featuredmedia":[{"embeddable":true,"href":"https:\/\/igfae.usc.es\/igfae\/es\/wp-json\/wp\/v2\/media\/21507"}],"wp:attachment":[{"href":"https:\/\/igfae.usc.es\/igfae\/es\/wp-json\/wp\/v2\/media?parent=21519"}],"wp:term":[{"taxonomy":"category","embeddable":true,"href":"https:\/\/igfae.usc.es\/igfae\/es\/wp-json\/wp\/v2\/categories?post=21519"}],"curies":[{"name":"wp","href":"https:\/\/api.w.org\/{rel}","templated":true}]}}