{"id":20677,"date":"2025-06-25T15:50:28","date_gmt":"2025-06-25T13:50:28","guid":{"rendered":"https:\/\/igfae.usc.es\/igfae\/a-nova-sede-do-igfae-un-espazo-para-impulsar-galicia-como-referencia-na-fisica-do-seculo-xxi\/"},"modified":"2025-06-30T11:58:25","modified_gmt":"2025-06-30T09:58:25","slug":"nueva-sede","status":"publish","type":"post","link":"https:\/\/igfae.usc.es\/igfae\/es\/nueva-sede\/","title":{"rendered":"La nueva sede del IGFAE, un espacio para impulsar Galicia como referencia en la f\u00edsica del siglo XXI"},"content":{"rendered":"<p><iframe loading=\"lazy\" title=\"Official Inauguration of the new IGFAE headquarters\" width=\"500\" height=\"281\" src=\"https:\/\/www.youtube.com\/embed\/HW8Jnoda3XE?feature=oembed\" frameborder=\"0\" allow=\"accelerometer; autoplay; clipboard-write; encrypted-media; gyroscope; picture-in-picture; web-share\" referrerpolicy=\"strict-origin-when-cross-origin\" allowfullscreen><\/iframe><\/p>\n<p>El Instituto Galego de F\u00edsica de Altas Enerx\u00edas (IGFAE), centro mixto de la USC y la Xunta de Galicia, inaugur\u00f3 este mi\u00e9rcoles su nueva sede, con la que el centro pretende reforzar su ya destacada participaci\u00f3n en los experimentos m\u00e1s punteros del mundo en el \u00e1mbito de la f\u00edsica.<\/p>\n<p data-start=\"339\" data-end=\"675\">Las instalaciones, con una superficie de m\u00e1s de 5.000 m\u00b2, son fruto de una inversi\u00f3n de m\u00e1s de cinco millones de euros por parte de la Xunta de Galicia, con los que se llev\u00f3 a cabo la renovaci\u00f3n y ampliaci\u00f3n de las dependencias situadas en las plantas bajas del edificio del Monte da Condesa, en el Campus Sur de Santiago de Compostela.<\/p>\n<p data-start=\"677\" data-end=\"1108\">El director del IGFAE, Carlos Salgado, destac\u00f3 en su discurso la importancia de disponer de un espacio acorde con la trayectoria y el potencial cient\u00edfico del Instituto. Calific\u00f3 la nueva sede como un \u201chito hist\u00f3rico de la ciencia en Galicia\u201d que permitir\u00e1 dar respuestas a los nuevos desaf\u00edos cient\u00edficos, en el marco de los proyectos m\u00e1s relevantes de las pr\u00f3ximas d\u00e9cadas, y que marcar\u00e1n el devenir de la f\u00edsica en el siglo XXI.<\/p>\n<div id=\"attachment_20709\" style=\"width: 2570px\" class=\"wp-caption alignnone\"><img loading=\"lazy\" decoding=\"async\" aria-describedby=\"caption-attachment-20709\" class=\"size-full wp-image-20709\" src=\"https:\/\/igfae.usc.es\/igfae\/wp-content\/uploads\/2025\/06\/250625_Pte_Edu_IGFAE_DCS_02-1-scaled.jpg\" alt=\"\" width=\"2560\" height=\"1708\" srcset=\"https:\/\/igfae.usc.es\/igfae\/wp-content\/uploads\/2025\/06\/250625_Pte_Edu_IGFAE_DCS_02-1-scaled.jpg 2560w, https:\/\/igfae.usc.es\/igfae\/wp-content\/uploads\/2025\/06\/250625_Pte_Edu_IGFAE_DCS_02-1-1500x1001.jpg 1500w, https:\/\/igfae.usc.es\/igfae\/wp-content\/uploads\/2025\/06\/250625_Pte_Edu_IGFAE_DCS_02-1-750x500.jpg 750w, https:\/\/igfae.usc.es\/igfae\/wp-content\/uploads\/2025\/06\/250625_Pte_Edu_IGFAE_DCS_02-1-30x20.jpg 30w\" sizes=\"auto, (max-width: 2560px) 100vw, 2560px\" \/><p id=\"caption-attachment-20709\" class=\"wp-caption-text\">Fotograf\u00eda: David Cabez\u00f3n &#8211; Xunta de Galicia.<\/p><\/div>\n<p data-start=\"1157\" data-end=\"1667\">Salgado tuvo tambi\u00e9n un recuerdo para las generaciones que, desde hace d\u00e9cadas, comenzaron a abrir el camino para situar al Instituto como referencia internacional en sus \u00e1mbitos de trabajo. En especial, para los anteriores directores (Bernardo Adeva, Joaqu\u00edn S\u00e1nchez Guill\u00e9n y Jos\u00e9 Luis Miramontes), y los miembros fundadores. Tambi\u00e9n agradeci\u00f3 el apoyo de la USC y la Xunta de Galicia, el personal de la empresa constructora de la obra y los arquitectos de la nueva sede, as\u00ed como a todo el equipo del IGFAE.<\/p>\n<p data-start=\"1669\" data-end=\"2343\">En el acto, el rector Antonio L\u00f3pez record\u00f3 el papel desempe\u00f1ado por Carlos Pajares al actuar \u201ccomo un visionario que apost\u00f3 por la proyecci\u00f3n internacional de nuestra investigaci\u00f3n\u201d y situ\u00f3 este instituto como el primero de un nuevo modelo que abri\u00f3 el camino de los centros singulares que vinieron despu\u00e9s. Para el rector, el IGFAE es un centro implicado en los proyectos de m\u00e1s relevancia de su \u00e1mbito a nivel internacional \u201csin olvidar la transferencia de sus resultados a la sociedad para la mejora de las condiciones de vida\u201d. \u201cComienza una nueva etapa con una nueva infraestructura, aunque lo m\u00e1s importante sigue siendo su talento y los recursos humanos\u201d, sentenci\u00f3.<\/p>\n<p>&nbsp;<\/p>\n<div id=\"attachment_20657\" style=\"width: 1610px\" class=\"wp-caption alignnone\"><img loading=\"lazy\" decoding=\"async\" aria-describedby=\"caption-attachment-20657\" class=\"size-full wp-image-20657\" src=\"https:\/\/igfae.usc.es\/igfae\/wp-content\/uploads\/2025\/06\/2025_06_25-Inauguracion-nova-sede-IGFAE_3.jpg\" alt=\"\" width=\"1600\" height=\"1000\" srcset=\"https:\/\/igfae.usc.es\/igfae\/wp-content\/uploads\/2025\/06\/2025_06_25-Inauguracion-nova-sede-IGFAE_3.jpg 1600w, https:\/\/igfae.usc.es\/igfae\/wp-content\/uploads\/2025\/06\/2025_06_25-Inauguracion-nova-sede-IGFAE_3-1500x938.jpg 1500w, https:\/\/igfae.usc.es\/igfae\/wp-content\/uploads\/2025\/06\/2025_06_25-Inauguracion-nova-sede-IGFAE_3-750x469.jpg 750w, https:\/\/igfae.usc.es\/igfae\/wp-content\/uploads\/2025\/06\/2025_06_25-Inauguracion-nova-sede-IGFAE_3-30x19.jpg 30w\" sizes=\"auto, (max-width: 1600px) 100vw, 1600px\" \/><p id=\"caption-attachment-20657\" class=\"wp-caption-text\">Fotograf\u00eda: Santi Alvite &#8211; USC.<\/p><\/div>\n<p data-start=\"2380\" data-end=\"2716\">Para la alcaldesa de Santiago, Goretti Sanmart\u00edn, el IGFAE y su vocaci\u00f3n de ser un centro puntero encarnan tambi\u00e9n \u201cuna voluntad de ser vanguardia, de romper fronteras sin renunciar a lo que somos\u201d. Esta dotaci\u00f3n permite \u201cconstruir una cultura cient\u00edfica arraigada aqu\u00ed; porque desde aqu\u00ed se puede hacer investigaci\u00f3n del m\u00e1ximo nivel\u201d.<\/p>\n<p data-start=\"2718\" data-end=\"3224\">En t\u00e9rminos similares se expres\u00f3 el presidente de la Xunta, Alfonso Rueda, tras agradecer a quienes iniciaron el camino, manifestando su compromiso de \u201cseguir con esta apuesta porque es inteligente\u201d. \u201cHay que intentar hacer surgir el talento, retenerlo y recuperar el que se fue\u201d. Adem\u00e1s, en la l\u00ednea de la apuesta por la internacionalizaci\u00f3n del IGFAE, incidi\u00f3: \u201cTenemos que ser una tierra con instituciones atractivas para que carreras de investigaci\u00f3n de muy alto nivel puedan desarrollarse aqu\u00ed\u201d, dijo.<\/p>\n<h4 data-start=\"2718\" data-end=\"3224\">Grandes retos de la f\u00edsica en las pr\u00f3ximas d\u00e9cadas<\/h4>\n<p data-start=\"3287\" data-end=\"3953\">Tal y como subray\u00f3 Carlos Salgado en su intervenci\u00f3n, la comunidad cient\u00edfica internacional en el \u00e1mbito de la f\u00edsica afronta a\u00f1os de grandes cambios: se tomar\u00e1n decisiones clave sobre los grandes proyectos de la d\u00e9cada de 2040, como el pr\u00f3ximo acelerador del CERN (Organizaci\u00f3n Europea para la Investigaci\u00f3n Nuclear), o la construcci\u00f3n del Einstein Telescope para el estudio de las ondas gravitacionales. De igual modo, la ciencia y la tecnolog\u00eda cu\u00e1nticas se est\u00e1n convirtiendo en una l\u00ednea estrat\u00e9gica de la investigaci\u00f3n en numerosos pa\u00edses, tambi\u00e9n en Galicia, de la mano de instituciones como el Centro de Supercomputaci\u00f3n de Galicia (CESGA) y el propio IGFAE.<\/p>\n<p data-start=\"3955\" data-end=\"4406\">En este contexto, el personal del IGFAE ocupa actualmente posiciones de liderazgo en grandes colaboraciones internacionales, como el experimento LHCb del CERN, el Observatorio Pierre Auger o la colaboraci\u00f3n LIGO. Gracias a las capacidades y tecnolog\u00edas que permitir\u00e1 desarrollar la nueva sede, seg\u00fan apunt\u00f3 Salgado, el centro gallego estar\u00e1 en mejor disposici\u00f3n de dar un salto cualitativo en su visibilidad en estos y otros proyectos de nivel global.<\/p>\n<div id=\"attachment_20660\" style=\"width: 1810px\" class=\"wp-caption alignnone\"><img loading=\"lazy\" decoding=\"async\" aria-describedby=\"caption-attachment-20660\" class=\"size-full wp-image-20660\" src=\"https:\/\/igfae.usc.es\/igfae\/wp-content\/uploads\/2025\/06\/Inauguracion-IGFAE-17.jpg\" alt=\"\" width=\"1800\" height=\"1017\" srcset=\"https:\/\/igfae.usc.es\/igfae\/wp-content\/uploads\/2025\/06\/Inauguracion-IGFAE-17.jpg 1800w, https:\/\/igfae.usc.es\/igfae\/wp-content\/uploads\/2025\/06\/Inauguracion-IGFAE-17-1500x848.jpg 1500w, https:\/\/igfae.usc.es\/igfae\/wp-content\/uploads\/2025\/06\/Inauguracion-IGFAE-17-750x424.jpg 750w, https:\/\/igfae.usc.es\/igfae\/wp-content\/uploads\/2025\/06\/Inauguracion-IGFAE-17-30x17.jpg 30w\" sizes=\"auto, (max-width: 1800px) 100vw, 1800px\" \/><p id=\"caption-attachment-20660\" class=\"wp-caption-text\">Fotograf\u00eda: Santi Alvite &#8211; USC.<\/p><\/div>\n<p data-start=\"4443\" data-end=\"4776\">As\u00ed, a partir de ahora, el centro contar\u00e1 con siete laboratorios para diferentes tecnolog\u00edas, incluyendo una sala limpia de 120 m\u00b2, un espacio en el que se proyecta la instalaci\u00f3n de un simulador cu\u00e1ntico en el marco de una alianza con el CESGA, un taller de micromecanizado, uno de metrolog\u00eda y otro de desarrollo de centelleadores.<\/p>\n<p data-start=\"4778\" data-end=\"5267\">Desde su primera acreditaci\u00f3n como Unidad de Excelencia Mar\u00eda de Maeztu (fue el primer centro de investigaci\u00f3n gallego en conseguirlo) en 2017, el IGFAE ha duplicado su plantilla, pasando de alrededor de 70 a unos 140 integrantes en la actualidad. Las nuevas dependencias est\u00e1n enfocadas hacia esta nueva realidad, adem\u00e1s de fomentar las visitas y estancias de personas de otros pa\u00edses, en diferentes etapas de su carrera, para reforzar nuestras v\u00edas de colaboraci\u00f3n en diversos proyectos.<\/p>\n<p data-start=\"5269\" data-end=\"5534\">M\u00e1s all\u00e1 de la perspectiva cient\u00edfica, el edificio fue dise\u00f1ado para favorecer la comunicaci\u00f3n entre los miembros del IGFAE y para acoger acciones que impulsen la proyecci\u00f3n del centro hacia la sociedad, desde el entorno m\u00e1s inmediato hasta el \u00e1mbito internacional.<\/p>\n<div id=\"attachment_20666\" style=\"width: 1510px\" class=\"wp-caption alignnone\"><img loading=\"lazy\" decoding=\"async\" aria-describedby=\"caption-attachment-20666\" class=\"size-full wp-image-20666\" src=\"https:\/\/igfae.usc.es\/igfae\/wp-content\/uploads\/2025\/06\/Inauguracion-IGFAE-06.jpg\" alt=\"\" width=\"1500\" height=\"847\" srcset=\"https:\/\/igfae.usc.es\/igfae\/wp-content\/uploads\/2025\/06\/Inauguracion-IGFAE-06.jpg 1500w, https:\/\/igfae.usc.es\/igfae\/wp-content\/uploads\/2025\/06\/Inauguracion-IGFAE-06-750x424.jpg 750w, https:\/\/igfae.usc.es\/igfae\/wp-content\/uploads\/2025\/06\/Inauguracion-IGFAE-06-30x17.jpg 30w\" sizes=\"auto, (max-width: 1500px) 100vw, 1500px\" \/><p id=\"caption-attachment-20666\" class=\"wp-caption-text\">Fotograf\u00eda: Santi Alvite &#8211; USC.<\/p><\/div>\n<p><strong>Sobre o IGFAE<\/strong><\/p>\n<p>El IGFAE naci\u00f3 en el a\u00f1o 1999, con el objetivo de coordinar y fomentar la investigaci\u00f3n cient\u00edfica y t\u00e9cnica en el \u00e1mbito de la f\u00edsica de part\u00edculas, astropart\u00edculas y nuclear, as\u00ed como en campos relacionados como la f\u00edsica m\u00e9dica y la instrumentaci\u00f3n.<\/p>\n<p data-start=\"5898\" data-end=\"6322\">Desde su creaci\u00f3n, uno de sus puntos fuertes ha sido la apuesta por la internacionalizaci\u00f3n, integr\u00e1ndose en grandes instalaciones experimentales de \u00e1mbito mundial, y construyendo equipos de investigaci\u00f3n que hoy son una referencia en los campos te\u00f3rico y experimental. En la actualidad, cerca del 25% del personal del centro procede de otros pa\u00edses, y un 93% de las publicaciones cient\u00edficas tienen coautor\u00eda internacional.<\/p>\n<p data-start=\"6324\" data-end=\"6748\">En el a\u00f1o 2017, el IGFAE fue reconocido como Unidad Mar\u00eda de Maeztu, la acreditaci\u00f3n m\u00e1s prestigiosa y competitiva otorgada por la Agencia Estatal de Investigaci\u00f3n. En el a\u00f1o 2024, el IGFAE renov\u00f3 esta acreditaci\u00f3n, siendo el \u00fanico centro gallego con dos de estas distinciones. Adem\u00e1s, forma parte de la red de centros CIGUS de la Xunta de Galicia desde el a\u00f1o 2019, lo que acredita la calidad e impacto de su investigaci\u00f3n.<\/p>\n<p data-start=\"6750\" data-end=\"7175\">En la \u00faltima d\u00e9cada, el personal del Instituto destaca por su \u00e9xito en convocatorias internacionales, como los proyectos de excelencia del Consejo Europeo de Investigaci\u00f3n (ERC) o las becas Marie Curie de la Comisi\u00f3n Europea. El IGFAE tambi\u00e9n ha sido reconocido en 2017 y 2025 con los premios Breakthrough, conocidos como los \u201cOscar de la Ciencia\u201d, por los avances logrados en el marco de las colaboraciones LIGO y LHCb-CERN.<\/p>\n<p data-start=\"5596\" data-end=\"5896\">\n","protected":false},"excerpt":{"rendered":"<p>El Instituto Galego de F\u00edsica de Altas Enerx\u00edas (IGFAE), centro mixto de la USC y la Xunta de Galicia, inaugur\u00f3 este mi\u00e9rcoles su nueva sede, con la que el centro pretende reforzar su ya destacada participaci\u00f3n en los experimentos m\u00e1s punteros del mundo en el \u00e1mbito de la f\u00edsica. Las instalaciones, con una superficie de [&hellip;]<\/p>\n","protected":false},"author":11,"featured_media":20692,"comment_status":"closed","ping_status":"closed","sticky":false,"template":"","format":"standard","meta":{"_acf_changed":false,"footnotes":""},"categories":[215],"class_list":["post-20677","post","type-post","status-publish","format-standard","has-post-thumbnail","hentry","category-noticias-3"],"acf":[],"yoast_head":"<!-- This site is optimized with the Yoast SEO plugin v27.4 - https:\/\/yoast.com\/product\/yoast-seo-wordpress\/ -->\n<title>La nueva sede del IGFAE, un espacio para impulsar Galicia como referencia en la f\u00edsica del siglo XXI<\/title>\n<meta name=\"description\" content=\"El centro pretende incrementar su ya notable presencia en los principales experimentos del mundo con la ampliaci\u00f3n y renovaci\u00f3n de sus instalaciones, fruto de una inversi\u00f3n de cerca de 5 millones de euros\" \/>\n<meta name=\"robots\" content=\"index, follow, max-snippet:-1, max-image-preview:large, max-video-preview:-1\" \/>\n<link rel=\"canonical\" href=\"https:\/\/igfae.usc.es\/igfae\/es\/nueva-sede\/\" \/>\n<meta property=\"og:locale\" content=\"es_ES\" \/>\n<meta property=\"og:type\" content=\"article\" \/>\n<meta property=\"og:title\" content=\"La nueva sede del IGFAE, un espacio para impulsar Galicia como referencia en la f\u00edsica del siglo XXI\" \/>\n<meta property=\"og:description\" content=\"El centro pretende incrementar su ya notable presencia en los principales experimentos del mundo con la ampliaci\u00f3n y renovaci\u00f3n de sus instalaciones, fruto de una inversi\u00f3n de cerca de 5 millones de euros\" \/>\n<meta property=\"og:url\" content=\"https:\/\/igfae.usc.es\/igfae\/es\/nueva-sede\/\" \/>\n<meta property=\"og:site_name\" content=\"IGFAE\" \/>\n<meta property=\"article:published_time\" content=\"2025-06-25T13:50:28+00:00\" \/>\n<meta property=\"article:modified_time\" content=\"2025-06-30T09:58:25+00:00\" \/>\n<meta property=\"og:image\" content=\"https:\/\/igfae.usc.es\/igfae\/wp-content\/uploads\/2025\/06\/2025_06_25-Inauguracion-nova-sede-IGFAE_4.jpg\" \/>\n\t<meta property=\"og:image:width\" content=\"2200\" \/>\n\t<meta property=\"og:image:height\" content=\"1409\" \/>\n\t<meta property=\"og:image:type\" content=\"image\/jpeg\" \/>\n<meta name=\"author\" content=\"Manuel\" \/>\n<meta name=\"twitter:card\" content=\"summary_large_image\" \/>\n<meta name=\"twitter:creator\" content=\"@IGFAE_HEP\" \/>\n<meta name=\"twitter:site\" content=\"@IGFAE_HEP\" \/>\n<meta name=\"twitter:label1\" content=\"Written by\" \/>\n\t<meta name=\"twitter:data1\" content=\"Manuel\" \/>\n\t<meta name=\"twitter:label2\" content=\"Est. reading time\" \/>\n\t<meta name=\"twitter:data2\" content=\"8 minutes\" \/>\n<script type=\"application\/ld+json\" class=\"yoast-schema-graph\">{\"@context\":\"https:\\\/\\\/schema.org\",\"@graph\":[{\"@type\":\"Article\",\"@id\":\"https:\\\/\\\/igfae.usc.es\\\/igfae\\\/es\\\/nueva-sede\\\/#article\",\"isPartOf\":{\"@id\":\"https:\\\/\\\/igfae.usc.es\\\/igfae\\\/es\\\/nueva-sede\\\/\"},\"author\":{\"name\":\"Manuel\",\"@id\":\"https:\\\/\\\/igfae.usc.es\\\/igfae\\\/#\\\/schema\\\/person\\\/7edb28d4e85fc09a1d4a05dd2b844174\"},\"headline\":\"La nueva sede del IGFAE, un espacio para impulsar Galicia como referencia en la f\u00edsica del siglo XXI\",\"datePublished\":\"2025-06-25T13:50:28+00:00\",\"dateModified\":\"2025-06-30T09:58:25+00:00\",\"mainEntityOfPage\":{\"@id\":\"https:\\\/\\\/igfae.usc.es\\\/igfae\\\/es\\\/nueva-sede\\\/\"},\"wordCount\":1305,\"publisher\":{\"@id\":\"https:\\\/\\\/igfae.usc.es\\\/igfae\\\/#organization\"},\"image\":{\"@id\":\"https:\\\/\\\/igfae.usc.es\\\/igfae\\\/es\\\/nueva-sede\\\/#primaryimage\"},\"thumbnailUrl\":\"https:\\\/\\\/igfae.usc.es\\\/igfae\\\/wp-content\\\/uploads\\\/2025\\\/06\\\/2025_06_25-Inauguracion-nova-sede-IGFAE_4.jpg\",\"articleSection\":[\"Noticias\"],\"inLanguage\":\"es-ES\"},{\"@type\":\"WebPage\",\"@id\":\"https:\\\/\\\/igfae.usc.es\\\/igfae\\\/es\\\/nueva-sede\\\/\",\"url\":\"https:\\\/\\\/igfae.usc.es\\\/igfae\\\/es\\\/nueva-sede\\\/\",\"name\":\"La nueva sede del IGFAE, un espacio para impulsar Galicia como referencia en la f\u00edsica del siglo XXI\",\"isPartOf\":{\"@id\":\"https:\\\/\\\/igfae.usc.es\\\/igfae\\\/#website\"},\"primaryImageOfPage\":{\"@id\":\"https:\\\/\\\/igfae.usc.es\\\/igfae\\\/es\\\/nueva-sede\\\/#primaryimage\"},\"image\":{\"@id\":\"https:\\\/\\\/igfae.usc.es\\\/igfae\\\/es\\\/nueva-sede\\\/#primaryimage\"},\"thumbnailUrl\":\"https:\\\/\\\/igfae.usc.es\\\/igfae\\\/wp-content\\\/uploads\\\/2025\\\/06\\\/2025_06_25-Inauguracion-nova-sede-IGFAE_4.jpg\",\"datePublished\":\"2025-06-25T13:50:28+00:00\",\"dateModified\":\"2025-06-30T09:58:25+00:00\",\"description\":\"El centro pretende incrementar su ya notable presencia en los principales experimentos del mundo con la ampliaci\u00f3n y renovaci\u00f3n de sus instalaciones, fruto de una inversi\u00f3n de cerca de 5 millones de euros\",\"breadcrumb\":{\"@id\":\"https:\\\/\\\/igfae.usc.es\\\/igfae\\\/es\\\/nueva-sede\\\/#breadcrumb\"},\"inLanguage\":\"es-ES\",\"potentialAction\":[{\"@type\":\"ReadAction\",\"target\":[\"https:\\\/\\\/igfae.usc.es\\\/igfae\\\/es\\\/nueva-sede\\\/\"]}]},{\"@type\":\"ImageObject\",\"inLanguage\":\"es-ES\",\"@id\":\"https:\\\/\\\/igfae.usc.es\\\/igfae\\\/es\\\/nueva-sede\\\/#primaryimage\",\"url\":\"https:\\\/\\\/igfae.usc.es\\\/igfae\\\/wp-content\\\/uploads\\\/2025\\\/06\\\/2025_06_25-Inauguracion-nova-sede-IGFAE_4.jpg\",\"contentUrl\":\"https:\\\/\\\/igfae.usc.es\\\/igfae\\\/wp-content\\\/uploads\\\/2025\\\/06\\\/2025_06_25-Inauguracion-nova-sede-IGFAE_4.jpg\",\"width\":2200,\"height\":1409,\"caption\":\"O director do IGFAE, Carlos Salgado, interv\u00e9n no acto de inauguraci\u00f3n, no que tam\u00e9n participaron a alcaldesa de Santiago, Goretti Sanmart\u00edn, o presidente da Xunta, Alfonso Rueda, e o reitor da USC, Antonio L\u00f3pez. Fotograf\u00eda: IGFAE.\"},{\"@type\":\"BreadcrumbList\",\"@id\":\"https:\\\/\\\/igfae.usc.es\\\/igfae\\\/es\\\/nueva-sede\\\/#breadcrumb\",\"itemListElement\":[{\"@type\":\"ListItem\",\"position\":1,\"name\":\"Inicio\",\"item\":\"https:\\\/\\\/igfae.usc.es\\\/igfae\\\/es\\\/\"},{\"@type\":\"ListItem\",\"position\":2,\"name\":\"La nueva sede del IGFAE, un espacio para impulsar Galicia como referencia en la f\u00edsica del siglo XXI\"}]},{\"@type\":\"WebSite\",\"@id\":\"https:\\\/\\\/igfae.usc.es\\\/igfae\\\/#website\",\"url\":\"https:\\\/\\\/igfae.usc.es\\\/igfae\\\/\",\"name\":\"IGFAE\",\"description\":\"Instituto Galego de F\u00edsica de Altas Enerx\u00edas\",\"publisher\":{\"@id\":\"https:\\\/\\\/igfae.usc.es\\\/igfae\\\/#organization\"},\"potentialAction\":[{\"@type\":\"SearchAction\",\"target\":{\"@type\":\"EntryPoint\",\"urlTemplate\":\"https:\\\/\\\/igfae.usc.es\\\/igfae\\\/?s={search_term_string}\"},\"query-input\":{\"@type\":\"PropertyValueSpecification\",\"valueRequired\":true,\"valueName\":\"search_term_string\"}}],\"inLanguage\":\"es-ES\"},{\"@type\":\"Organization\",\"@id\":\"https:\\\/\\\/igfae.usc.es\\\/igfae\\\/#organization\",\"name\":\"Instituto Galego de F\u00edsica de Altas Enerx\u00edas\",\"url\":\"https:\\\/\\\/igfae.usc.es\\\/igfae\\\/\",\"logo\":{\"@type\":\"ImageObject\",\"inLanguage\":\"es-ES\",\"@id\":\"https:\\\/\\\/igfae.usc.es\\\/igfae\\\/#\\\/schema\\\/logo\\\/image\\\/\",\"url\":\"https:\\\/\\\/igfae.usc.es\\\/igfae\\\/wp-content\\\/uploads\\\/2025\\\/04\\\/seo-igfae.jpg\",\"contentUrl\":\"https:\\\/\\\/igfae.usc.es\\\/igfae\\\/wp-content\\\/uploads\\\/2025\\\/04\\\/seo-igfae.jpg\",\"width\":1920,\"height\":1280,\"caption\":\"Instituto Galego de F\u00edsica de Altas Enerx\u00edas\"},\"image\":{\"@id\":\"https:\\\/\\\/igfae.usc.es\\\/igfae\\\/#\\\/schema\\\/logo\\\/image\\\/\"},\"sameAs\":[\"https:\\\/\\\/x.com\\\/IGFAE_HEP\"]},{\"@type\":\"Person\",\"@id\":\"https:\\\/\\\/igfae.usc.es\\\/igfae\\\/#\\\/schema\\\/person\\\/7edb28d4e85fc09a1d4a05dd2b844174\",\"name\":\"Manuel\",\"image\":{\"@type\":\"ImageObject\",\"inLanguage\":\"es-ES\",\"@id\":\"https:\\\/\\\/secure.gravatar.com\\\/avatar\\\/92b6d25b24eb9115f11ff9585492998eef62b80c7a05fd1ccd3f44ea80f2cffb?s=96&d=mm&r=g\",\"url\":\"https:\\\/\\\/secure.gravatar.com\\\/avatar\\\/92b6d25b24eb9115f11ff9585492998eef62b80c7a05fd1ccd3f44ea80f2cffb?s=96&d=mm&r=g\",\"contentUrl\":\"https:\\\/\\\/secure.gravatar.com\\\/avatar\\\/92b6d25b24eb9115f11ff9585492998eef62b80c7a05fd1ccd3f44ea80f2cffb?s=96&d=mm&r=g\",\"caption\":\"Manuel\"},\"url\":\"https:\\\/\\\/igfae.usc.es\\\/igfae\\\/es\\\/author\\\/manuelrey-pan\\\/\"}]}<\/script>\n<!-- \/ Yoast SEO plugin. -->","yoast_head_json":{"title":"La nueva sede del IGFAE, un espacio para impulsar Galicia como referencia en la f\u00edsica del siglo XXI","description":"El centro pretende incrementar su ya notable presencia en los principales experimentos del mundo con la ampliaci\u00f3n y renovaci\u00f3n de sus instalaciones, fruto de una inversi\u00f3n de cerca de 5 millones de euros","robots":{"index":"index","follow":"follow","max-snippet":"max-snippet:-1","max-image-preview":"max-image-preview:large","max-video-preview":"max-video-preview:-1"},"canonical":"https:\/\/igfae.usc.es\/igfae\/es\/nueva-sede\/","og_locale":"es_ES","og_type":"article","og_title":"La nueva sede del IGFAE, un espacio para impulsar Galicia como referencia en la f\u00edsica del siglo XXI","og_description":"El centro pretende incrementar su ya notable presencia en los principales experimentos del mundo con la ampliaci\u00f3n y renovaci\u00f3n de sus instalaciones, fruto de una inversi\u00f3n de cerca de 5 millones de euros","og_url":"https:\/\/igfae.usc.es\/igfae\/es\/nueva-sede\/","og_site_name":"IGFAE","article_published_time":"2025-06-25T13:50:28+00:00","article_modified_time":"2025-06-30T09:58:25+00:00","og_image":[{"width":2200,"height":1409,"url":"https:\/\/igfae.usc.es\/igfae\/wp-content\/uploads\/2025\/06\/2025_06_25-Inauguracion-nova-sede-IGFAE_4.jpg","type":"image\/jpeg"}],"author":"Manuel","twitter_card":"summary_large_image","twitter_creator":"@IGFAE_HEP","twitter_site":"@IGFAE_HEP","twitter_misc":{"Written by":"Manuel","Est. reading time":"8 minutes"},"schema":{"@context":"https:\/\/schema.org","@graph":[{"@type":"Article","@id":"https:\/\/igfae.usc.es\/igfae\/es\/nueva-sede\/#article","isPartOf":{"@id":"https:\/\/igfae.usc.es\/igfae\/es\/nueva-sede\/"},"author":{"name":"Manuel","@id":"https:\/\/igfae.usc.es\/igfae\/#\/schema\/person\/7edb28d4e85fc09a1d4a05dd2b844174"},"headline":"La nueva sede del IGFAE, un espacio para impulsar Galicia como referencia en la f\u00edsica del siglo XXI","datePublished":"2025-06-25T13:50:28+00:00","dateModified":"2025-06-30T09:58:25+00:00","mainEntityOfPage":{"@id":"https:\/\/igfae.usc.es\/igfae\/es\/nueva-sede\/"},"wordCount":1305,"publisher":{"@id":"https:\/\/igfae.usc.es\/igfae\/#organization"},"image":{"@id":"https:\/\/igfae.usc.es\/igfae\/es\/nueva-sede\/#primaryimage"},"thumbnailUrl":"https:\/\/igfae.usc.es\/igfae\/wp-content\/uploads\/2025\/06\/2025_06_25-Inauguracion-nova-sede-IGFAE_4.jpg","articleSection":["Noticias"],"inLanguage":"es-ES"},{"@type":"WebPage","@id":"https:\/\/igfae.usc.es\/igfae\/es\/nueva-sede\/","url":"https:\/\/igfae.usc.es\/igfae\/es\/nueva-sede\/","name":"La nueva sede del IGFAE, un espacio para impulsar Galicia como referencia en la f\u00edsica del siglo XXI","isPartOf":{"@id":"https:\/\/igfae.usc.es\/igfae\/#website"},"primaryImageOfPage":{"@id":"https:\/\/igfae.usc.es\/igfae\/es\/nueva-sede\/#primaryimage"},"image":{"@id":"https:\/\/igfae.usc.es\/igfae\/es\/nueva-sede\/#primaryimage"},"thumbnailUrl":"https:\/\/igfae.usc.es\/igfae\/wp-content\/uploads\/2025\/06\/2025_06_25-Inauguracion-nova-sede-IGFAE_4.jpg","datePublished":"2025-06-25T13:50:28+00:00","dateModified":"2025-06-30T09:58:25+00:00","description":"El centro pretende incrementar su ya notable presencia en los principales experimentos del mundo con la ampliaci\u00f3n y renovaci\u00f3n de sus instalaciones, fruto de una inversi\u00f3n de cerca de 5 millones de euros","breadcrumb":{"@id":"https:\/\/igfae.usc.es\/igfae\/es\/nueva-sede\/#breadcrumb"},"inLanguage":"es-ES","potentialAction":[{"@type":"ReadAction","target":["https:\/\/igfae.usc.es\/igfae\/es\/nueva-sede\/"]}]},{"@type":"ImageObject","inLanguage":"es-ES","@id":"https:\/\/igfae.usc.es\/igfae\/es\/nueva-sede\/#primaryimage","url":"https:\/\/igfae.usc.es\/igfae\/wp-content\/uploads\/2025\/06\/2025_06_25-Inauguracion-nova-sede-IGFAE_4.jpg","contentUrl":"https:\/\/igfae.usc.es\/igfae\/wp-content\/uploads\/2025\/06\/2025_06_25-Inauguracion-nova-sede-IGFAE_4.jpg","width":2200,"height":1409,"caption":"O director do IGFAE, Carlos Salgado, interv\u00e9n no acto de inauguraci\u00f3n, no que tam\u00e9n participaron a alcaldesa de Santiago, Goretti Sanmart\u00edn, o presidente da Xunta, Alfonso Rueda, e o reitor da USC, Antonio L\u00f3pez. Fotograf\u00eda: IGFAE."},{"@type":"BreadcrumbList","@id":"https:\/\/igfae.usc.es\/igfae\/es\/nueva-sede\/#breadcrumb","itemListElement":[{"@type":"ListItem","position":1,"name":"Inicio","item":"https:\/\/igfae.usc.es\/igfae\/es\/"},{"@type":"ListItem","position":2,"name":"La nueva sede del IGFAE, un espacio para impulsar Galicia como referencia en la f\u00edsica del siglo XXI"}]},{"@type":"WebSite","@id":"https:\/\/igfae.usc.es\/igfae\/#website","url":"https:\/\/igfae.usc.es\/igfae\/","name":"IGFAE","description":"Instituto Galego de F\u00edsica de Altas Enerx\u00edas","publisher":{"@id":"https:\/\/igfae.usc.es\/igfae\/#organization"},"potentialAction":[{"@type":"SearchAction","target":{"@type":"EntryPoint","urlTemplate":"https:\/\/igfae.usc.es\/igfae\/?s={search_term_string}"},"query-input":{"@type":"PropertyValueSpecification","valueRequired":true,"valueName":"search_term_string"}}],"inLanguage":"es-ES"},{"@type":"Organization","@id":"https:\/\/igfae.usc.es\/igfae\/#organization","name":"Instituto Galego de F\u00edsica de Altas Enerx\u00edas","url":"https:\/\/igfae.usc.es\/igfae\/","logo":{"@type":"ImageObject","inLanguage":"es-ES","@id":"https:\/\/igfae.usc.es\/igfae\/#\/schema\/logo\/image\/","url":"https:\/\/igfae.usc.es\/igfae\/wp-content\/uploads\/2025\/04\/seo-igfae.jpg","contentUrl":"https:\/\/igfae.usc.es\/igfae\/wp-content\/uploads\/2025\/04\/seo-igfae.jpg","width":1920,"height":1280,"caption":"Instituto Galego de F\u00edsica de Altas Enerx\u00edas"},"image":{"@id":"https:\/\/igfae.usc.es\/igfae\/#\/schema\/logo\/image\/"},"sameAs":["https:\/\/x.com\/IGFAE_HEP"]},{"@type":"Person","@id":"https:\/\/igfae.usc.es\/igfae\/#\/schema\/person\/7edb28d4e85fc09a1d4a05dd2b844174","name":"Manuel","image":{"@type":"ImageObject","inLanguage":"es-ES","@id":"https:\/\/secure.gravatar.com\/avatar\/92b6d25b24eb9115f11ff9585492998eef62b80c7a05fd1ccd3f44ea80f2cffb?s=96&d=mm&r=g","url":"https:\/\/secure.gravatar.com\/avatar\/92b6d25b24eb9115f11ff9585492998eef62b80c7a05fd1ccd3f44ea80f2cffb?s=96&d=mm&r=g","contentUrl":"https:\/\/secure.gravatar.com\/avatar\/92b6d25b24eb9115f11ff9585492998eef62b80c7a05fd1ccd3f44ea80f2cffb?s=96&d=mm&r=g","caption":"Manuel"},"url":"https:\/\/igfae.usc.es\/igfae\/es\/author\/manuelrey-pan\/"}]}},"_links":{"self":[{"href":"https:\/\/igfae.usc.es\/igfae\/es\/wp-json\/wp\/v2\/posts\/20677","targetHints":{"allow":["GET"]}}],"collection":[{"href":"https:\/\/igfae.usc.es\/igfae\/es\/wp-json\/wp\/v2\/posts"}],"about":[{"href":"https:\/\/igfae.usc.es\/igfae\/es\/wp-json\/wp\/v2\/types\/post"}],"author":[{"embeddable":true,"href":"https:\/\/igfae.usc.es\/igfae\/es\/wp-json\/wp\/v2\/users\/11"}],"replies":[{"embeddable":true,"href":"https:\/\/igfae.usc.es\/igfae\/es\/wp-json\/wp\/v2\/comments?post=20677"}],"version-history":[{"count":7,"href":"https:\/\/igfae.usc.es\/igfae\/es\/wp-json\/wp\/v2\/posts\/20677\/revisions"}],"predecessor-version":[{"id":20706,"href":"https:\/\/igfae.usc.es\/igfae\/es\/wp-json\/wp\/v2\/posts\/20677\/revisions\/20706"}],"wp:featuredmedia":[{"embeddable":true,"href":"https:\/\/igfae.usc.es\/igfae\/es\/wp-json\/wp\/v2\/media\/20692"}],"wp:attachment":[{"href":"https:\/\/igfae.usc.es\/igfae\/es\/wp-json\/wp\/v2\/media?parent=20677"}],"wp:term":[{"taxonomy":"category","embeddable":true,"href":"https:\/\/igfae.usc.es\/igfae\/es\/wp-json\/wp\/v2\/categories?post=20677"}],"curies":[{"name":"wp","href":"https:\/\/api.w.org\/{rel}","templated":true}]}}