{"id":20438,"date":"2025-05-14T18:40:36","date_gmt":"2025-05-14T16:40:36","guid":{"rendered":"https:\/\/igfae.usc.es\/igfae\/kip-thorne\/"},"modified":"2025-08-19T14:14:53","modified_gmt":"2025-08-19T12:14:53","slug":"kip-thorne","status":"publish","type":"post","link":"https:\/\/igfae.usc.es\/igfae\/es\/kip-thorne\/","title":{"rendered":"Kip Thorne participa en un simposio organizado en el IGFAE"},"content":{"rendered":"<p>Kip S. Thorne, Premio Nobel de F\u00edsica en 2017, visit\u00f3 el pasado viernes 9 de mayo el Instituto Galego de F\u00edsica de Altas Enerx\u00edas (IGFAE), centro mixto de la USC y la Xunta de Galicia. Coincidiendo con su presencia en Santiago de Compostela, en el marco del <a href=\"https:\/\/www.usc.gal\/gl\/programa-conciencia\/kip-thorne\" target=\"_blank\" rel=\"noopener\">Programa Conciencia,<\/a> Thorne particip\u00f3 en el simposio <a href=\"https:\/\/igfae.usc.es\/igfae\/seminar\/2105\" target=\"_blank\" rel=\"noopener\">\u2018Kip Thorne\u2019s Gravitational Way in Santiago de Compostela\u2019<\/a>, en\u00a0 que el personal del IGFAE que investiga en el campo de la astrof\u00edsica expuso algunos de los ejemplos m\u00e1s relevantes de su trabajo cient\u00edfico.<\/p>\n<p>Despu\u00e9s de impartir una clase magistral de Gravitaci\u00f3n en la Facultad de F\u00edsica de la USC, el cient\u00edfico estadounidense lleg\u00f3 al Instituto acompa\u00f1ado del director del Programa Conciencia y catedr\u00e1tico de la USC, Jorge Mira P\u00e9rez, y el investigador del IGFAE Jos\u00e9 Edelstein, que act\u00faa como padrino en esta edici\u00f3n de Conciencia. Lo recibieron en su llegada el director del IGFAE, Carlos Salgado, y el director adjunto, Abraham Gallas. En la visita tambi\u00e9n estuvieron presentes a decana de la Facultad de F\u00edsica, Mar\u00eda Elena L\u00f3pez Lago, y el vicedecano, V\u00edctor Pardo Castro.<\/p>\n<p><img loading=\"lazy\" decoding=\"async\" class=\"alignnone size-full wp-image-20435\" src=\"https:\/\/igfae.usc.es\/igfae\/wp-content\/uploads\/2025\/05\/2025-09-05-Kip-Thorne-visita-2.jpg\" alt=\"\" width=\"1500\" height=\"1000\" srcset=\"https:\/\/igfae.usc.es\/igfae\/wp-content\/uploads\/2025\/05\/2025-09-05-Kip-Thorne-visita-2.jpg 1500w, https:\/\/igfae.usc.es\/igfae\/wp-content\/uploads\/2025\/05\/2025-09-05-Kip-Thorne-visita-2-750x500.jpg 750w, https:\/\/igfae.usc.es\/igfae\/wp-content\/uploads\/2025\/05\/2025-09-05-Kip-Thorne-visita-2-30x20.jpg 30w\" sizes=\"auto, (max-width: 1500px) 100vw, 1500px\" \/><\/p>\n<p>Durante el simposio, investigadores del IGFAE como Jose Edelstein, Enrique Zas, o los miembros de la colaboraci\u00f3n LIGO Juan Calder\u00f3n y Thomas Dent expusieron algunos de los avances m\u00e1s destacados que el personal del centro ha desarrollado en los \u00faltimos a\u00f1os. El f\u00edsico estadounidense se declar\u00f3 \u201cimpresionado\u201d por la calidad cient\u00edfica de los trabajos realizados en el IGFAE en el marco de las colaboraciones LIGO o Pierre Auger.\u00a0A continuaci\u00f3n, el premio Nobel mantuvo una conversaci\u00f3n conducida por Juan Calder\u00f3n y Thomas Dent, l\u00edderes del programa de investigaci\u00f3n de ondas gravitacionales en el IGFAE y miembros de la colaboraci\u00f3n LIGO. Kip Thorne es uno de los fundadores de este proyecto internacional, que en 2015 hizo posible a detecci\u00f3n experimental de estas perturbaciones del espacio-tiempo.<\/p>\n<p>Al finalizar su visita, el f\u00edsico fue agasajado con un obsequio en recuerdo de su visita, y dej\u00f3 su firma en una de las pizarras del Instituto.<\/p>\n<p><img loading=\"lazy\" decoding=\"async\" class=\"alignnone size-full wp-image-20432\" src=\"https:\/\/igfae.usc.es\/igfae\/wp-content\/uploads\/2025\/05\/2025-09-05-Kip-Thorne-3-visita.jpg\" alt=\"\" width=\"1500\" height=\"999\" srcset=\"https:\/\/igfae.usc.es\/igfae\/wp-content\/uploads\/2025\/05\/2025-09-05-Kip-Thorne-3-visita.jpg 1500w, https:\/\/igfae.usc.es\/igfae\/wp-content\/uploads\/2025\/05\/2025-09-05-Kip-Thorne-3-visita-750x500.jpg 750w, https:\/\/igfae.usc.es\/igfae\/wp-content\/uploads\/2025\/05\/2025-09-05-Kip-Thorne-3-visita-30x20.jpg 30w\" sizes=\"auto, (max-width: 1500px) 100vw, 1500px\" \/><\/p>\n<h5><strong>El IGFAE en la colaboraci\u00f3n LIGO<\/strong><\/h5>\n<p>Despu\u00e9s de recibir la acreditaci\u00f3n como Unidad de Excelencia Mar\u00eda de Maeztu en 2017, la direcci\u00f3n cient\u00edfica del IGFAE identific\u00f3 la ciencia de ondas gravitacionales como una l\u00ednea de investigaci\u00f3n con un grande potencial de crecimiento, sobre todo en relaci\u00f3n con la astrof\u00edsica multimensajero. Esta es una rama de la astrof\u00edsica que tiene como objetivo explotar la detecci\u00f3n de diferentes tipos de se\u00f1ales (fotones, ondas gravitacionales, rayos c\u00f3smicos, neutrinos) para mejorar y complementar la informaci\u00f3n de fuentes astrof\u00edsicas.<\/p>\n<p>El <a href=\"https:\/\/igfae.usc.es\/igfae\/es\/programa-de-investigacion\/gravitational-waves\/\" target=\"_blank\" rel=\"noopener\">nuevo programa iniciado en el IGFAE<\/a> tiene sinergias con otras l\u00edneas de trabajo del Instituto, en particular con la fuerte implicaci\u00f3n te\u00f3rica en muchos aspectos de la gravedad, el uso de las ondas gravitacionales como sondas de la materia nuclear ultradensa en las estrellas de neutrones, as\u00ed como con las actividades experimentales en el marco del Observatorio Pierre Auger, el mayor y m\u00e1s preciso detector de rayos c\u00f3smicos de ultra alta energ\u00eda del mundo.<\/p>\n<p>En la actualidad, el equipo LIGO en el IGFAE cuenta con cuatro miembros (Thomas Dent, Juan Calder\u00f3n, Praveen Kumar y Ana Lorenzo) y cuenta ya con una tesis de doctorado desarrollada en el marco de LIGO, defendida en 2024 por Ver\u00f3nica Villa.<\/p>\n<p>En los pr\u00f3ximos a\u00f1os, gracias a los laboratorios que se pondr\u00e1n en marcha en las nuevas instalaciones, el IGFAE pretende consolidar su programa de detecci\u00f3n ondas gravitacionales, iniciando tambi\u00e9n el desarrollo de instrumentaci\u00f3n experimental para esta disciplina.<\/p>\n<h5><strong>Kip S. Thorne<\/strong><\/h5>\n<p>Kip Stephen Thorne naci\u00f3 en Logan, Utah (Estados Unidos), en 1940. Se escalon\u00f3 en f\u00edsica en el Instituto Tecnol\u00f3gico de California (Caltech) y realiz\u00f3 el doctorado en Princeton, en 1965, bajo la direcci\u00f3n de John Archibald Wheeler, el grano pionero de la Relatividad General tras la muerte de Albert Einstein. Despu\u00e9s de completar su tesis regres\u00f3 a Caltech, donde desarroll\u00f3 la mayor parte de su carrera acad\u00e9mica.<\/p>\n<p>En los a\u00f1os 70, Thorne fue uno de los impulsores del <a href=\"https:\/\/www.ligo.caltech.edu\/\" target=\"_blank\" rel=\"noopener\">proyecto LIGO.<\/a> Despu\u00e9s de d\u00e9cadas de trabajo, con la implicaci\u00f3n de cientos de personas de todo el mundo, se construyeron dos gigantescos detectores separados por m\u00e1s de 3.000km (en los estados de Louisiana y Washington) con brazos perpendiculares de varios kil\u00f3metros de longitud. Mediante tecnolog\u00eda l\u00e1ser, estos brazos miden las \u00ednfimas deformaciones en el espacio-tiempo (m\u00e1s peque\u00f1as que un prot\u00f3n) causadas por las violent\u00edsimas fusiones de agujeros negros a cientos de millones de a\u00f1os luz de la #Terra.<\/p>\n<p>En septiembre de 2015, los interfer\u00f3metros de LIGO detectaron por primera vez las ondas gravitacionales. Este hito de la f\u00edsica le vali\u00f3 a Thorne, junto a Barry C. Barish y Rainer Weiss, un manojo de reconocimientos, entre los que destaca el <a href=\"https:\/\/www.nobelprize.org\/prizes\/physics\/2017\/summary\/\" target=\"_blank\" rel=\"noopener\">Nobel de F\u00edsica en el a\u00f1o 2017.<\/a> La observaci\u00f3n directa de estas \u2018arrugas\u2019 en el espacio-tiempo, predichas te\u00f3ricamente por Albert Einstein en 1915, es uno de los grandes hitos de la f\u00edsica en las \u00faltimas d\u00e9cadas.<\/p>\n<p>Adem\u00e1s de su valiosa labor cient\u00edfica, Thorne destaca por su prol\u00edfica actividad de divulgaci\u00f3n. Colabor\u00f3 con su conocimiento sobre los agujeros de verme junto a Carl Sagan para suya la novela Contacto (1985). Es autor del libro <a href=\"https:\/\/en.wikipedia.org\/wiki\/Black_Holes_and_Time_Warps\" target=\"_blank\" rel=\"noopener\"><em>Agujeros negros y tiempo curvo. El escandaloso legado de Einstein<\/em><\/a>, publicado en 1994. Posteriormente, jug\u00f3 un papel clave en la pel\u00edcula <em>Interestellar<\/em> (2014) de Christopher Nolan, de la que fue asesor cient\u00edfico y productor ejecutivo. Luego publicar\u00eda el libro <a href=\"https:\/\/en.wikipedia.org\/wiki\/The_Science_of_Interstellar\" target=\"_blank\" rel=\"noopener\"><em>La ciencia de Interestellar.<\/em><\/a> En los \u00faltimos a\u00f1os, asesor\u00f3 de nuevo a Nolan y al actor Cilian Murphy (que interpret\u00f3 a Robert Oppenheimer en el film biogr\u00e1fico estrenado en 2023. Thorne tambi\u00e9n protagoniz\u00f3 un cap\u00edtulo de la serie <em>The Big Bang Theory<\/em>.<\/p>\n<h5><strong>Sobre el IGFAE<\/strong><\/h5>\n<p>El Instituto Galego de F\u00edsica de Altas Enerx\u00edas (IGFAE) es un centro de investigaci\u00f3n creado en 1999 por la Universidad de Santiago de Compostela y la Xunta de Galicia. Su misi\u00f3n es coordinar y promover la investigaci\u00f3n cient\u00edfica y t\u00e9cnica en f\u00edsica de altas energ\u00edas, f\u00edsica de part\u00edculas y f\u00edsica nuclear, as\u00ed como en campos relacionados como la astrof\u00edsica, la f\u00edsica m\u00e9dica y la instrumentaci\u00f3n. El instituto cuenta con alrededor de 140 miembros que participan en importantes instalaciones experimentales como el CERN, el Observatorio Pierre Auger, LIGO y GSI\/FAIR, entre otras.<\/p>\n<p>El IGFAE ha sido acreditado en dos ocasiones (2017 y 2023) como Unidad de Excelencia Mar\u00eda de Maeztu por parte de la Agencia Estatal de Investigaci\u00f3n del Gobierno de Espa\u00f1a. Tambi\u00e9n forma parte de la red CIGUS de la Xunta de Galicia, que acredita la calidad y el impacto de su investigaci\u00f3n. El centro est\u00e1 cofinanciado por la Uni\u00f3n Europea a trav\u00e9s del Programa Galicia Feder 2021-2027.<\/p>\n","protected":false},"excerpt":{"rendered":"<p>Kip S. Thorne, Premio Nobel de F\u00edsica en 2017, visit\u00f3 el pasado viernes 9 de mayo el Instituto Galego de F\u00edsica de Altas Enerx\u00edas (IGFAE), centro mixto de la USC y la Xunta de Galicia. Coincidiendo con su presencia en Santiago de Compostela, en el marco del Programa Conciencia, Thorne particip\u00f3 en el simposio \u2018Kip [&hellip;]<\/p>\n","protected":false},"author":11,"featured_media":20429,"comment_status":"closed","ping_status":"closed","sticky":false,"template":"","format":"standard","meta":{"_acf_changed":false,"footnotes":""},"categories":[250,215],"class_list":["post-20438","post","type-post","status-publish","format-standard","has-post-thumbnail","hentry","category-divulgacion-es","category-noticias-3"],"acf":[],"yoast_head":"<!-- This site is optimized with the Yoast SEO plugin v27.4 - https:\/\/yoast.com\/product\/yoast-seo-wordpress\/ -->\n<title>Kip Thorne participa nun simposio organizado no IGFAE<\/title>\n<meta name=\"description\" content=\"El premio Nobel de F\u00edsica 2017 convers\u00f3 con el personal del Instituto y conoci\u00f3 las nuevas instalaciones del centro\" \/>\n<meta name=\"robots\" content=\"index, follow, max-snippet:-1, max-image-preview:large, max-video-preview:-1\" \/>\n<link rel=\"canonical\" href=\"https:\/\/igfae.usc.es\/igfae\/es\/kip-thorne\/\" \/>\n<meta property=\"og:locale\" content=\"es_ES\" \/>\n<meta property=\"og:type\" content=\"article\" \/>\n<meta property=\"og:title\" content=\"Kip Thorne participa nun simposio organizado no IGFAE\" \/>\n<meta property=\"og:description\" content=\"El premio Nobel de F\u00edsica 2017 convers\u00f3 con el personal del Instituto y conoci\u00f3 las nuevas instalaciones del centro\" \/>\n<meta property=\"og:url\" content=\"https:\/\/igfae.usc.es\/igfae\/es\/kip-thorne\/\" \/>\n<meta property=\"og:site_name\" content=\"IGFAE\" \/>\n<meta property=\"article:published_time\" content=\"2025-05-14T16:40:36+00:00\" \/>\n<meta property=\"article:modified_time\" content=\"2025-08-19T12:14:53+00:00\" \/>\n<meta property=\"og:image\" content=\"https:\/\/igfae.usc.es\/igfae\/wp-content\/uploads\/2025\/05\/2025-09-05-Kip-Thorne-visita.jpg\" \/>\n\t<meta property=\"og:image:width\" content=\"1500\" \/>\n\t<meta property=\"og:image:height\" content=\"1000\" \/>\n\t<meta property=\"og:image:type\" content=\"image\/jpeg\" \/>\n<meta name=\"author\" content=\"Manuel\" \/>\n<meta name=\"twitter:card\" content=\"summary_large_image\" \/>\n<meta name=\"twitter:creator\" content=\"@IGFAE_HEP\" \/>\n<meta name=\"twitter:site\" content=\"@IGFAE_HEP\" \/>\n<meta name=\"twitter:label1\" content=\"Written by\" \/>\n\t<meta name=\"twitter:data1\" content=\"Manuel\" \/>\n\t<meta name=\"twitter:label2\" content=\"Est. reading time\" \/>\n\t<meta name=\"twitter:data2\" content=\"7 minutes\" \/>\n<script type=\"application\/ld+json\" class=\"yoast-schema-graph\">{\"@context\":\"https:\\\/\\\/schema.org\",\"@graph\":[{\"@type\":\"Article\",\"@id\":\"https:\\\/\\\/igfae.usc.es\\\/igfae\\\/es\\\/kip-thorne\\\/#article\",\"isPartOf\":{\"@id\":\"https:\\\/\\\/igfae.usc.es\\\/igfae\\\/es\\\/kip-thorne\\\/\"},\"author\":{\"name\":\"Manuel\",\"@id\":\"https:\\\/\\\/igfae.usc.es\\\/igfae\\\/#\\\/schema\\\/person\\\/7edb28d4e85fc09a1d4a05dd2b844174\"},\"headline\":\"Kip Thorne participa en un simposio organizado en el IGFAE\",\"datePublished\":\"2025-05-14T16:40:36+00:00\",\"dateModified\":\"2025-08-19T12:14:53+00:00\",\"mainEntityOfPage\":{\"@id\":\"https:\\\/\\\/igfae.usc.es\\\/igfae\\\/es\\\/kip-thorne\\\/\"},\"wordCount\":1200,\"publisher\":{\"@id\":\"https:\\\/\\\/igfae.usc.es\\\/igfae\\\/#organization\"},\"image\":{\"@id\":\"https:\\\/\\\/igfae.usc.es\\\/igfae\\\/es\\\/kip-thorne\\\/#primaryimage\"},\"thumbnailUrl\":\"https:\\\/\\\/igfae.usc.es\\\/igfae\\\/wp-content\\\/uploads\\\/2025\\\/05\\\/2025-09-05-Kip-Thorne-visita.jpg\",\"articleSection\":[\"Divulgaci\u00f3n\",\"Noticias\"],\"inLanguage\":\"es-ES\"},{\"@type\":\"WebPage\",\"@id\":\"https:\\\/\\\/igfae.usc.es\\\/igfae\\\/es\\\/kip-thorne\\\/\",\"url\":\"https:\\\/\\\/igfae.usc.es\\\/igfae\\\/es\\\/kip-thorne\\\/\",\"name\":\"Kip Thorne participa nun simposio organizado no IGFAE\",\"isPartOf\":{\"@id\":\"https:\\\/\\\/igfae.usc.es\\\/igfae\\\/#website\"},\"primaryImageOfPage\":{\"@id\":\"https:\\\/\\\/igfae.usc.es\\\/igfae\\\/es\\\/kip-thorne\\\/#primaryimage\"},\"image\":{\"@id\":\"https:\\\/\\\/igfae.usc.es\\\/igfae\\\/es\\\/kip-thorne\\\/#primaryimage\"},\"thumbnailUrl\":\"https:\\\/\\\/igfae.usc.es\\\/igfae\\\/wp-content\\\/uploads\\\/2025\\\/05\\\/2025-09-05-Kip-Thorne-visita.jpg\",\"datePublished\":\"2025-05-14T16:40:36+00:00\",\"dateModified\":\"2025-08-19T12:14:53+00:00\",\"description\":\"El premio Nobel de F\u00edsica 2017 convers\u00f3 con el personal del Instituto y conoci\u00f3 las nuevas instalaciones del centro\",\"breadcrumb\":{\"@id\":\"https:\\\/\\\/igfae.usc.es\\\/igfae\\\/es\\\/kip-thorne\\\/#breadcrumb\"},\"inLanguage\":\"es-ES\",\"potentialAction\":[{\"@type\":\"ReadAction\",\"target\":[\"https:\\\/\\\/igfae.usc.es\\\/igfae\\\/es\\\/kip-thorne\\\/\"]}]},{\"@type\":\"ImageObject\",\"inLanguage\":\"es-ES\",\"@id\":\"https:\\\/\\\/igfae.usc.es\\\/igfae\\\/es\\\/kip-thorne\\\/#primaryimage\",\"url\":\"https:\\\/\\\/igfae.usc.es\\\/igfae\\\/wp-content\\\/uploads\\\/2025\\\/05\\\/2025-09-05-Kip-Thorne-visita.jpg\",\"contentUrl\":\"https:\\\/\\\/igfae.usc.es\\\/igfae\\\/wp-content\\\/uploads\\\/2025\\\/05\\\/2025-09-05-Kip-Thorne-visita.jpg\",\"width\":1500,\"height\":1000},{\"@type\":\"BreadcrumbList\",\"@id\":\"https:\\\/\\\/igfae.usc.es\\\/igfae\\\/es\\\/kip-thorne\\\/#breadcrumb\",\"itemListElement\":[{\"@type\":\"ListItem\",\"position\":1,\"name\":\"Inicio\",\"item\":\"https:\\\/\\\/igfae.usc.es\\\/igfae\\\/es\\\/\"},{\"@type\":\"ListItem\",\"position\":2,\"name\":\"Kip Thorne participa en un simposio organizado en el IGFAE\"}]},{\"@type\":\"WebSite\",\"@id\":\"https:\\\/\\\/igfae.usc.es\\\/igfae\\\/#website\",\"url\":\"https:\\\/\\\/igfae.usc.es\\\/igfae\\\/\",\"name\":\"IGFAE\",\"description\":\"Instituto Galego de F\u00edsica de Altas Enerx\u00edas\",\"publisher\":{\"@id\":\"https:\\\/\\\/igfae.usc.es\\\/igfae\\\/#organization\"},\"potentialAction\":[{\"@type\":\"SearchAction\",\"target\":{\"@type\":\"EntryPoint\",\"urlTemplate\":\"https:\\\/\\\/igfae.usc.es\\\/igfae\\\/?s={search_term_string}\"},\"query-input\":{\"@type\":\"PropertyValueSpecification\",\"valueRequired\":true,\"valueName\":\"search_term_string\"}}],\"inLanguage\":\"es-ES\"},{\"@type\":\"Organization\",\"@id\":\"https:\\\/\\\/igfae.usc.es\\\/igfae\\\/#organization\",\"name\":\"Instituto Galego de F\u00edsica de Altas Enerx\u00edas\",\"url\":\"https:\\\/\\\/igfae.usc.es\\\/igfae\\\/\",\"logo\":{\"@type\":\"ImageObject\",\"inLanguage\":\"es-ES\",\"@id\":\"https:\\\/\\\/igfae.usc.es\\\/igfae\\\/#\\\/schema\\\/logo\\\/image\\\/\",\"url\":\"https:\\\/\\\/igfae.usc.es\\\/igfae\\\/wp-content\\\/uploads\\\/2025\\\/04\\\/seo-igfae.jpg\",\"contentUrl\":\"https:\\\/\\\/igfae.usc.es\\\/igfae\\\/wp-content\\\/uploads\\\/2025\\\/04\\\/seo-igfae.jpg\",\"width\":1920,\"height\":1280,\"caption\":\"Instituto Galego de F\u00edsica de Altas Enerx\u00edas\"},\"image\":{\"@id\":\"https:\\\/\\\/igfae.usc.es\\\/igfae\\\/#\\\/schema\\\/logo\\\/image\\\/\"},\"sameAs\":[\"https:\\\/\\\/x.com\\\/IGFAE_HEP\"]},{\"@type\":\"Person\",\"@id\":\"https:\\\/\\\/igfae.usc.es\\\/igfae\\\/#\\\/schema\\\/person\\\/7edb28d4e85fc09a1d4a05dd2b844174\",\"name\":\"Manuel\",\"image\":{\"@type\":\"ImageObject\",\"inLanguage\":\"es-ES\",\"@id\":\"https:\\\/\\\/secure.gravatar.com\\\/avatar\\\/92b6d25b24eb9115f11ff9585492998eef62b80c7a05fd1ccd3f44ea80f2cffb?s=96&d=mm&r=g\",\"url\":\"https:\\\/\\\/secure.gravatar.com\\\/avatar\\\/92b6d25b24eb9115f11ff9585492998eef62b80c7a05fd1ccd3f44ea80f2cffb?s=96&d=mm&r=g\",\"contentUrl\":\"https:\\\/\\\/secure.gravatar.com\\\/avatar\\\/92b6d25b24eb9115f11ff9585492998eef62b80c7a05fd1ccd3f44ea80f2cffb?s=96&d=mm&r=g\",\"caption\":\"Manuel\"},\"url\":\"https:\\\/\\\/igfae.usc.es\\\/igfae\\\/es\\\/author\\\/manuelrey-pan\\\/\"}]}<\/script>\n<!-- \/ Yoast SEO plugin. -->","yoast_head_json":{"title":"Kip Thorne participa nun simposio organizado no IGFAE","description":"El premio Nobel de F\u00edsica 2017 convers\u00f3 con el personal del Instituto y conoci\u00f3 las nuevas instalaciones del centro","robots":{"index":"index","follow":"follow","max-snippet":"max-snippet:-1","max-image-preview":"max-image-preview:large","max-video-preview":"max-video-preview:-1"},"canonical":"https:\/\/igfae.usc.es\/igfae\/es\/kip-thorne\/","og_locale":"es_ES","og_type":"article","og_title":"Kip Thorne participa nun simposio organizado no IGFAE","og_description":"El premio Nobel de F\u00edsica 2017 convers\u00f3 con el personal del Instituto y conoci\u00f3 las nuevas instalaciones del centro","og_url":"https:\/\/igfae.usc.es\/igfae\/es\/kip-thorne\/","og_site_name":"IGFAE","article_published_time":"2025-05-14T16:40:36+00:00","article_modified_time":"2025-08-19T12:14:53+00:00","og_image":[{"width":1500,"height":1000,"url":"https:\/\/igfae.usc.es\/igfae\/wp-content\/uploads\/2025\/05\/2025-09-05-Kip-Thorne-visita.jpg","type":"image\/jpeg"}],"author":"Manuel","twitter_card":"summary_large_image","twitter_creator":"@IGFAE_HEP","twitter_site":"@IGFAE_HEP","twitter_misc":{"Written by":"Manuel","Est. reading time":"7 minutes"},"schema":{"@context":"https:\/\/schema.org","@graph":[{"@type":"Article","@id":"https:\/\/igfae.usc.es\/igfae\/es\/kip-thorne\/#article","isPartOf":{"@id":"https:\/\/igfae.usc.es\/igfae\/es\/kip-thorne\/"},"author":{"name":"Manuel","@id":"https:\/\/igfae.usc.es\/igfae\/#\/schema\/person\/7edb28d4e85fc09a1d4a05dd2b844174"},"headline":"Kip Thorne participa en un simposio organizado en el IGFAE","datePublished":"2025-05-14T16:40:36+00:00","dateModified":"2025-08-19T12:14:53+00:00","mainEntityOfPage":{"@id":"https:\/\/igfae.usc.es\/igfae\/es\/kip-thorne\/"},"wordCount":1200,"publisher":{"@id":"https:\/\/igfae.usc.es\/igfae\/#organization"},"image":{"@id":"https:\/\/igfae.usc.es\/igfae\/es\/kip-thorne\/#primaryimage"},"thumbnailUrl":"https:\/\/igfae.usc.es\/igfae\/wp-content\/uploads\/2025\/05\/2025-09-05-Kip-Thorne-visita.jpg","articleSection":["Divulgaci\u00f3n","Noticias"],"inLanguage":"es-ES"},{"@type":"WebPage","@id":"https:\/\/igfae.usc.es\/igfae\/es\/kip-thorne\/","url":"https:\/\/igfae.usc.es\/igfae\/es\/kip-thorne\/","name":"Kip Thorne participa nun simposio organizado no IGFAE","isPartOf":{"@id":"https:\/\/igfae.usc.es\/igfae\/#website"},"primaryImageOfPage":{"@id":"https:\/\/igfae.usc.es\/igfae\/es\/kip-thorne\/#primaryimage"},"image":{"@id":"https:\/\/igfae.usc.es\/igfae\/es\/kip-thorne\/#primaryimage"},"thumbnailUrl":"https:\/\/igfae.usc.es\/igfae\/wp-content\/uploads\/2025\/05\/2025-09-05-Kip-Thorne-visita.jpg","datePublished":"2025-05-14T16:40:36+00:00","dateModified":"2025-08-19T12:14:53+00:00","description":"El premio Nobel de F\u00edsica 2017 convers\u00f3 con el personal del Instituto y conoci\u00f3 las nuevas instalaciones del centro","breadcrumb":{"@id":"https:\/\/igfae.usc.es\/igfae\/es\/kip-thorne\/#breadcrumb"},"inLanguage":"es-ES","potentialAction":[{"@type":"ReadAction","target":["https:\/\/igfae.usc.es\/igfae\/es\/kip-thorne\/"]}]},{"@type":"ImageObject","inLanguage":"es-ES","@id":"https:\/\/igfae.usc.es\/igfae\/es\/kip-thorne\/#primaryimage","url":"https:\/\/igfae.usc.es\/igfae\/wp-content\/uploads\/2025\/05\/2025-09-05-Kip-Thorne-visita.jpg","contentUrl":"https:\/\/igfae.usc.es\/igfae\/wp-content\/uploads\/2025\/05\/2025-09-05-Kip-Thorne-visita.jpg","width":1500,"height":1000},{"@type":"BreadcrumbList","@id":"https:\/\/igfae.usc.es\/igfae\/es\/kip-thorne\/#breadcrumb","itemListElement":[{"@type":"ListItem","position":1,"name":"Inicio","item":"https:\/\/igfae.usc.es\/igfae\/es\/"},{"@type":"ListItem","position":2,"name":"Kip Thorne participa en un simposio organizado en el IGFAE"}]},{"@type":"WebSite","@id":"https:\/\/igfae.usc.es\/igfae\/#website","url":"https:\/\/igfae.usc.es\/igfae\/","name":"IGFAE","description":"Instituto Galego de F\u00edsica de Altas Enerx\u00edas","publisher":{"@id":"https:\/\/igfae.usc.es\/igfae\/#organization"},"potentialAction":[{"@type":"SearchAction","target":{"@type":"EntryPoint","urlTemplate":"https:\/\/igfae.usc.es\/igfae\/?s={search_term_string}"},"query-input":{"@type":"PropertyValueSpecification","valueRequired":true,"valueName":"search_term_string"}}],"inLanguage":"es-ES"},{"@type":"Organization","@id":"https:\/\/igfae.usc.es\/igfae\/#organization","name":"Instituto Galego de F\u00edsica de Altas Enerx\u00edas","url":"https:\/\/igfae.usc.es\/igfae\/","logo":{"@type":"ImageObject","inLanguage":"es-ES","@id":"https:\/\/igfae.usc.es\/igfae\/#\/schema\/logo\/image\/","url":"https:\/\/igfae.usc.es\/igfae\/wp-content\/uploads\/2025\/04\/seo-igfae.jpg","contentUrl":"https:\/\/igfae.usc.es\/igfae\/wp-content\/uploads\/2025\/04\/seo-igfae.jpg","width":1920,"height":1280,"caption":"Instituto Galego de F\u00edsica de Altas Enerx\u00edas"},"image":{"@id":"https:\/\/igfae.usc.es\/igfae\/#\/schema\/logo\/image\/"},"sameAs":["https:\/\/x.com\/IGFAE_HEP"]},{"@type":"Person","@id":"https:\/\/igfae.usc.es\/igfae\/#\/schema\/person\/7edb28d4e85fc09a1d4a05dd2b844174","name":"Manuel","image":{"@type":"ImageObject","inLanguage":"es-ES","@id":"https:\/\/secure.gravatar.com\/avatar\/92b6d25b24eb9115f11ff9585492998eef62b80c7a05fd1ccd3f44ea80f2cffb?s=96&d=mm&r=g","url":"https:\/\/secure.gravatar.com\/avatar\/92b6d25b24eb9115f11ff9585492998eef62b80c7a05fd1ccd3f44ea80f2cffb?s=96&d=mm&r=g","contentUrl":"https:\/\/secure.gravatar.com\/avatar\/92b6d25b24eb9115f11ff9585492998eef62b80c7a05fd1ccd3f44ea80f2cffb?s=96&d=mm&r=g","caption":"Manuel"},"url":"https:\/\/igfae.usc.es\/igfae\/es\/author\/manuelrey-pan\/"}]}},"_links":{"self":[{"href":"https:\/\/igfae.usc.es\/igfae\/es\/wp-json\/wp\/v2\/posts\/20438","targetHints":{"allow":["GET"]}}],"collection":[{"href":"https:\/\/igfae.usc.es\/igfae\/es\/wp-json\/wp\/v2\/posts"}],"about":[{"href":"https:\/\/igfae.usc.es\/igfae\/es\/wp-json\/wp\/v2\/types\/post"}],"author":[{"embeddable":true,"href":"https:\/\/igfae.usc.es\/igfae\/es\/wp-json\/wp\/v2\/users\/11"}],"replies":[{"embeddable":true,"href":"https:\/\/igfae.usc.es\/igfae\/es\/wp-json\/wp\/v2\/comments?post=20438"}],"version-history":[{"count":5,"href":"https:\/\/igfae.usc.es\/igfae\/es\/wp-json\/wp\/v2\/posts\/20438\/revisions"}],"predecessor-version":[{"id":21085,"href":"https:\/\/igfae.usc.es\/igfae\/es\/wp-json\/wp\/v2\/posts\/20438\/revisions\/21085"}],"wp:featuredmedia":[{"embeddable":true,"href":"https:\/\/igfae.usc.es\/igfae\/es\/wp-json\/wp\/v2\/media\/20429"}],"wp:attachment":[{"href":"https:\/\/igfae.usc.es\/igfae\/es\/wp-json\/wp\/v2\/media?parent=20438"}],"wp:term":[{"taxonomy":"category","embeddable":true,"href":"https:\/\/igfae.usc.es\/igfae\/es\/wp-json\/wp\/v2\/categories?post=20438"}],"curies":[{"name":"wp","href":"https:\/\/api.w.org\/{rel}","templated":true}]}}