{"id":17640,"date":"2024-07-10T10:14:13","date_gmt":"2024-07-10T08:14:13","guid":{"rendered":"http:\/\/localhost:8888\/igfae-copia\/?p=15938"},"modified":"2024-12-30T09:06:17","modified_gmt":"2024-12-30T08:06:17","slug":"maria-vieites-coordinadora-adjunta-fisica-lhcb-cern","status":"publish","type":"post","link":"https:\/\/igfae.usc.es\/igfae\/es\/maria-vieites-coordinadora-adjunta-fisica-lhcb-cern\/","title":{"rendered":"La investigadora Mar\u00eda Vieites, nombrada coordinadora adjunta de f\u00edsica en el experimento LHCb del CERN"},"content":{"rendered":"<p>La investigadora Mar\u00eda Vieites D\u00edaz (Ribadeo, 1991), fue designada en el mes de junio como coordinadora adjunta de f\u00edsica en el experimento LHCb de la Organizaci\u00f3n Europea de Investigaci\u00f3n Nuclear (CERN). El cargo es uno de los m\u00e1s relevantes en esta colaboraci\u00f3n, de la que forman parte m\u00e1s de 1.700 personas, entre cient\u00edficas y t\u00e9cnicas, pertenecientes a m\u00e1s de un centenar de instituciones de 22 pa\u00edses de todo el mundo.<\/p>\n<p>El nombramiento de Mar\u00eda fue anunciado por el coordinador de f\u00edsica de LHCb, el Prof. Fred Blanc, de la \u00c9cole Polytechnique F\u00e9d\u00e9rale de Lausanne (EPFL). Desde el pr\u00f3ximo 1 de agosto, y durante dos a\u00f1os, el coordinador y su adjunta trabajar\u00e1n mano a mano para organizar las actividades del experimento vinculadas a la f\u00edsica. En este cargo, la cient\u00edfica gallega jugar\u00e1 un papel clave para guiar la agenda cient\u00edfica de esta colaboraci\u00f3n.<\/p>\n<p>El experimento LHCb (las siglas de Large Hadron Collider beauty), fue dise\u00f1ado principalmente para realizar mediciones relacionadas con el estudio de la violaci\u00f3n de la simetr\u00eda CP. Este es un hecho esencial para comprender las asimetr\u00edas entre materia y antimateria, y explicar por qu\u00e9 en nuestro universo prevalece la primera sobre la segunda.<\/p>\n<p>Entre sus responsabilidades estar\u00e1 la supervisi\u00f3n del an\u00e1lisis de los datos, garantizar la calidad cient\u00edfica de los resultados y coordinar la comunicaci\u00f3n entre todos los equipos internacionales que participan en la colaboraci\u00f3n.<\/p>\n<p>Sobre su nombramiento, Mar\u00eda Vieites destaca que \u201chaber sido escogida para este cargo supone un gran honor para m\u00ed, y me siento muy ilusionada y con mucha energ\u00eda para afrontar los pr\u00f3ximos dos a\u00f1os con esta nueva perspectiva en LHCb\u201d.<\/p>\n<h4><strong>Incorporaci\u00f3n al IGFAE en septiembre de 2024<\/strong><\/h4>\n<p>La designaci\u00f3n de Mar\u00eda Vieites en LHCb llega cuando est\u00e1 punto de producirse su incorporaci\u00f3n al Instituto Galego de F\u00edsica de Altas Enerx\u00edas (IGFAE), en septiembre de 2024, como investigadora del programa Ram\u00f3n y Cajal, financiado por la Agencia Estatal de Investigaci\u00f3n del Ministerio de Ciencia, Innovaci\u00f3n y Universidades.<\/p>\n<p>En el IGFAE, centro de investigaci\u00f3n mixto de la Universidade de Santiago de Compostela y la Xunta de Galicia, Mar\u00eda se integrar\u00e1 en el programa de investigaci\u00f3n de LHCb, donde se centrar\u00e1 en el an\u00e1lisis de los datos producidos durante el \u2018Run3\u2019 (el nuevo per\u00edodo de toma de datos) y el funcionamiento de este experimento del CERN. Tambi\u00e9n contribuir\u00e1 al desarrollo de las futuras mejoras tecnol\u00f3gicas del detector LHCb, as\u00ed como a la actualizaci\u00f3n de algunas de las medidas de las anteriores fases del experimento (Run 1 y 2) que demostraron ser potentes pruebas de la consistencia del Modelo Est\u00e1ndar.<\/p>\n<p>Mar\u00eda Vieites estudi\u00f3 F\u00edsica en la Universidade de Santiago de Compostela, donde se doctor\u00f3 en 2019. Est\u00e1 especializada en el estudio de las diferencias de comportamiento entre la materia y la antimateria mediante el an\u00e1lisis de amplitudes en decaimientos de mesones B en el experimento LHCb del CERN. Tras su doctorado, se incorpor\u00f3 a la \u00c9cole Polytechnique F\u00e9d\u00e9rale de Lausanne (EPFL), en Suiza, como investigadora postdoctoral en el grupo local de la colaboraci\u00f3n LHCb, contribuyendo al an\u00e1lisis de las desintegraciones radiactivas de mesones B. Actualmente, Mar\u00eda es personal investigador (Research Fellow) en el CERN.<\/p>\n","protected":false},"excerpt":{"rendered":"<p>La investigadora Mar\u00eda Vieites D\u00edaz (Ribadeo, 1991), fue designada en el mes de junio como coordinadora adjunta de f\u00edsica en el experimento LHCb de la Organizaci\u00f3n Europea de Investigaci\u00f3n Nuclear (CERN). El cargo es uno de los m\u00e1s relevantes en esta colaboraci\u00f3n, de la que forman parte m\u00e1s de 1.700 personas, entre cient\u00edficas y t\u00e9cnicas, [&hellip;]<\/p>\n","protected":false},"author":11,"featured_media":18876,"comment_status":"closed","ping_status":"closed","sticky":false,"template":"","format":"standard","meta":{"_acf_changed":false,"footnotes":""},"categories":[215,234],"class_list":["post-17640","post","type-post","status-publish","format-standard","has-post-thumbnail","hentry","category-noticias-3","category-noticias-cientificas-3"],"acf":[],"yoast_head":"<!-- This site is optimized with the Yoast SEO plugin v27.4 - https:\/\/yoast.com\/product\/yoast-seo-wordpress\/ -->\n<title>La investigadora Mar\u00eda Vieites, nombrada coordinadora adjunta de f\u00edsica en el experimento LHCb del CERN<\/title>\n<meta name=\"description\" content=\"La investigadora, que se incorporar\u00e1 en septiembre al IGFAE, asume uno de los cargos m\u00e1s relevantes de esta colaboraci\u00f3n cient\u00edfica\" \/>\n<meta name=\"robots\" content=\"index, follow, max-snippet:-1, max-image-preview:large, max-video-preview:-1\" \/>\n<link rel=\"canonical\" href=\"https:\/\/igfae.usc.es\/igfae\/es\/maria-vieites-coordinadora-adjunta-fisica-lhcb-cern\/\" \/>\n<meta property=\"og:locale\" content=\"es_ES\" \/>\n<meta property=\"og:type\" content=\"article\" \/>\n<meta property=\"og:title\" content=\"La investigadora Mar\u00eda Vieites, nombrada coordinadora adjunta de f\u00edsica en el experimento LHCb del CERN\" \/>\n<meta property=\"og:description\" content=\"La investigadora, que se incorporar\u00e1 en septiembre al IGFAE, asume uno de los cargos m\u00e1s relevantes de esta colaboraci\u00f3n cient\u00edfica\" \/>\n<meta property=\"og:url\" content=\"https:\/\/igfae.usc.es\/igfae\/es\/maria-vieites-coordinadora-adjunta-fisica-lhcb-cern\/\" \/>\n<meta property=\"og:site_name\" content=\"IGFAE\" \/>\n<meta property=\"article:published_time\" content=\"2024-07-10T08:14:13+00:00\" \/>\n<meta property=\"article:modified_time\" content=\"2024-12-30T08:06:17+00:00\" \/>\n<meta property=\"og:image\" content=\"https:\/\/igfae.usc.es\/igfae\/wp-content\/uploads\/2024\/07\/2024_07_10-Maria-Vieites-LHCb.jpg\" \/>\n\t<meta property=\"og:image:width\" content=\"1920\" \/>\n\t<meta property=\"og:image:height\" content=\"1440\" \/>\n\t<meta property=\"og:image:type\" content=\"image\/jpeg\" \/>\n<meta name=\"author\" content=\"Manuel\" \/>\n<meta name=\"twitter:card\" content=\"summary_large_image\" \/>\n<meta name=\"twitter:creator\" content=\"@IGFAE_HEP\" \/>\n<meta name=\"twitter:site\" content=\"@IGFAE_HEP\" \/>\n<meta name=\"twitter:label1\" content=\"Written by\" \/>\n\t<meta name=\"twitter:data1\" content=\"Manuel\" \/>\n\t<meta name=\"twitter:label2\" content=\"Est. reading time\" \/>\n\t<meta name=\"twitter:data2\" content=\"3 minutes\" \/>\n<script type=\"application\/ld+json\" class=\"yoast-schema-graph\">{\"@context\":\"https:\\\/\\\/schema.org\",\"@graph\":[{\"@type\":\"Article\",\"@id\":\"https:\\\/\\\/igfae.usc.es\\\/igfae\\\/es\\\/maria-vieites-coordinadora-adjunta-fisica-lhcb-cern\\\/#article\",\"isPartOf\":{\"@id\":\"https:\\\/\\\/igfae.usc.es\\\/igfae\\\/es\\\/maria-vieites-coordinadora-adjunta-fisica-lhcb-cern\\\/\"},\"author\":{\"name\":\"Manuel\",\"@id\":\"https:\\\/\\\/igfae.usc.es\\\/igfae\\\/#\\\/schema\\\/person\\\/7edb28d4e85fc09a1d4a05dd2b844174\"},\"headline\":\"La investigadora Mar\u00eda Vieites, nombrada coordinadora adjunta de f\u00edsica en el experimento LHCb del CERN\",\"datePublished\":\"2024-07-10T08:14:13+00:00\",\"dateModified\":\"2024-12-30T08:06:17+00:00\",\"mainEntityOfPage\":{\"@id\":\"https:\\\/\\\/igfae.usc.es\\\/igfae\\\/es\\\/maria-vieites-coordinadora-adjunta-fisica-lhcb-cern\\\/\"},\"wordCount\":587,\"publisher\":{\"@id\":\"https:\\\/\\\/igfae.usc.es\\\/igfae\\\/#organization\"},\"image\":{\"@id\":\"https:\\\/\\\/igfae.usc.es\\\/igfae\\\/es\\\/maria-vieites-coordinadora-adjunta-fisica-lhcb-cern\\\/#primaryimage\"},\"thumbnailUrl\":\"https:\\\/\\\/igfae.usc.es\\\/igfae\\\/wp-content\\\/uploads\\\/2024\\\/07\\\/2024_07_10-Maria-Vieites-LHCb.jpg\",\"articleSection\":[\"Noticias\",\"Noticias cient\u00edficas\"],\"inLanguage\":\"es-ES\"},{\"@type\":\"WebPage\",\"@id\":\"https:\\\/\\\/igfae.usc.es\\\/igfae\\\/es\\\/maria-vieites-coordinadora-adjunta-fisica-lhcb-cern\\\/\",\"url\":\"https:\\\/\\\/igfae.usc.es\\\/igfae\\\/es\\\/maria-vieites-coordinadora-adjunta-fisica-lhcb-cern\\\/\",\"name\":\"La investigadora Mar\u00eda Vieites, nombrada coordinadora adjunta de f\u00edsica en el experimento LHCb del CERN\",\"isPartOf\":{\"@id\":\"https:\\\/\\\/igfae.usc.es\\\/igfae\\\/#website\"},\"primaryImageOfPage\":{\"@id\":\"https:\\\/\\\/igfae.usc.es\\\/igfae\\\/es\\\/maria-vieites-coordinadora-adjunta-fisica-lhcb-cern\\\/#primaryimage\"},\"image\":{\"@id\":\"https:\\\/\\\/igfae.usc.es\\\/igfae\\\/es\\\/maria-vieites-coordinadora-adjunta-fisica-lhcb-cern\\\/#primaryimage\"},\"thumbnailUrl\":\"https:\\\/\\\/igfae.usc.es\\\/igfae\\\/wp-content\\\/uploads\\\/2024\\\/07\\\/2024_07_10-Maria-Vieites-LHCb.jpg\",\"datePublished\":\"2024-07-10T08:14:13+00:00\",\"dateModified\":\"2024-12-30T08:06:17+00:00\",\"description\":\"La investigadora, que se incorporar\u00e1 en septiembre al IGFAE, asume uno de los cargos m\u00e1s relevantes de esta colaboraci\u00f3n cient\u00edfica\",\"breadcrumb\":{\"@id\":\"https:\\\/\\\/igfae.usc.es\\\/igfae\\\/es\\\/maria-vieites-coordinadora-adjunta-fisica-lhcb-cern\\\/#breadcrumb\"},\"inLanguage\":\"es-ES\",\"potentialAction\":[{\"@type\":\"ReadAction\",\"target\":[\"https:\\\/\\\/igfae.usc.es\\\/igfae\\\/es\\\/maria-vieites-coordinadora-adjunta-fisica-lhcb-cern\\\/\"]}]},{\"@type\":\"ImageObject\",\"inLanguage\":\"es-ES\",\"@id\":\"https:\\\/\\\/igfae.usc.es\\\/igfae\\\/es\\\/maria-vieites-coordinadora-adjunta-fisica-lhcb-cern\\\/#primaryimage\",\"url\":\"https:\\\/\\\/igfae.usc.es\\\/igfae\\\/wp-content\\\/uploads\\\/2024\\\/07\\\/2024_07_10-Maria-Vieites-LHCb.jpg\",\"contentUrl\":\"https:\\\/\\\/igfae.usc.es\\\/igfae\\\/wp-content\\\/uploads\\\/2024\\\/07\\\/2024_07_10-Maria-Vieites-LHCb.jpg\",\"width\":1920,\"height\":1440},{\"@type\":\"BreadcrumbList\",\"@id\":\"https:\\\/\\\/igfae.usc.es\\\/igfae\\\/es\\\/maria-vieites-coordinadora-adjunta-fisica-lhcb-cern\\\/#breadcrumb\",\"itemListElement\":[{\"@type\":\"ListItem\",\"position\":1,\"name\":\"Inicio\",\"item\":\"https:\\\/\\\/igfae.usc.es\\\/igfae\\\/es\\\/\"},{\"@type\":\"ListItem\",\"position\":2,\"name\":\"La investigadora Mar\u00eda Vieites, nombrada coordinadora adjunta de f\u00edsica en el experimento LHCb del CERN\"}]},{\"@type\":\"WebSite\",\"@id\":\"https:\\\/\\\/igfae.usc.es\\\/igfae\\\/#website\",\"url\":\"https:\\\/\\\/igfae.usc.es\\\/igfae\\\/\",\"name\":\"IGFAE\",\"description\":\"Instituto Galego de F\u00edsica de Altas Enerx\u00edas\",\"publisher\":{\"@id\":\"https:\\\/\\\/igfae.usc.es\\\/igfae\\\/#organization\"},\"potentialAction\":[{\"@type\":\"SearchAction\",\"target\":{\"@type\":\"EntryPoint\",\"urlTemplate\":\"https:\\\/\\\/igfae.usc.es\\\/igfae\\\/?s={search_term_string}\"},\"query-input\":{\"@type\":\"PropertyValueSpecification\",\"valueRequired\":true,\"valueName\":\"search_term_string\"}}],\"inLanguage\":\"es-ES\"},{\"@type\":\"Organization\",\"@id\":\"https:\\\/\\\/igfae.usc.es\\\/igfae\\\/#organization\",\"name\":\"Instituto Galego de F\u00edsica de Altas Enerx\u00edas\",\"url\":\"https:\\\/\\\/igfae.usc.es\\\/igfae\\\/\",\"logo\":{\"@type\":\"ImageObject\",\"inLanguage\":\"es-ES\",\"@id\":\"https:\\\/\\\/igfae.usc.es\\\/igfae\\\/#\\\/schema\\\/logo\\\/image\\\/\",\"url\":\"https:\\\/\\\/igfae.usc.es\\\/igfae\\\/wp-content\\\/uploads\\\/2025\\\/04\\\/seo-igfae.jpg\",\"contentUrl\":\"https:\\\/\\\/igfae.usc.es\\\/igfae\\\/wp-content\\\/uploads\\\/2025\\\/04\\\/seo-igfae.jpg\",\"width\":1920,\"height\":1280,\"caption\":\"Instituto Galego de F\u00edsica de Altas Enerx\u00edas\"},\"image\":{\"@id\":\"https:\\\/\\\/igfae.usc.es\\\/igfae\\\/#\\\/schema\\\/logo\\\/image\\\/\"},\"sameAs\":[\"https:\\\/\\\/x.com\\\/IGFAE_HEP\"]},{\"@type\":\"Person\",\"@id\":\"https:\\\/\\\/igfae.usc.es\\\/igfae\\\/#\\\/schema\\\/person\\\/7edb28d4e85fc09a1d4a05dd2b844174\",\"name\":\"Manuel\",\"image\":{\"@type\":\"ImageObject\",\"inLanguage\":\"es-ES\",\"@id\":\"https:\\\/\\\/secure.gravatar.com\\\/avatar\\\/92b6d25b24eb9115f11ff9585492998eef62b80c7a05fd1ccd3f44ea80f2cffb?s=96&d=mm&r=g\",\"url\":\"https:\\\/\\\/secure.gravatar.com\\\/avatar\\\/92b6d25b24eb9115f11ff9585492998eef62b80c7a05fd1ccd3f44ea80f2cffb?s=96&d=mm&r=g\",\"contentUrl\":\"https:\\\/\\\/secure.gravatar.com\\\/avatar\\\/92b6d25b24eb9115f11ff9585492998eef62b80c7a05fd1ccd3f44ea80f2cffb?s=96&d=mm&r=g\",\"caption\":\"Manuel\"},\"url\":\"https:\\\/\\\/igfae.usc.es\\\/igfae\\\/es\\\/author\\\/manuelrey-pan\\\/\"}]}<\/script>\n<!-- \/ Yoast SEO plugin. -->","yoast_head_json":{"title":"La investigadora Mar\u00eda Vieites, nombrada coordinadora adjunta de f\u00edsica en el experimento LHCb del CERN","description":"La investigadora, que se incorporar\u00e1 en septiembre al IGFAE, asume uno de los cargos m\u00e1s relevantes de esta colaboraci\u00f3n cient\u00edfica","robots":{"index":"index","follow":"follow","max-snippet":"max-snippet:-1","max-image-preview":"max-image-preview:large","max-video-preview":"max-video-preview:-1"},"canonical":"https:\/\/igfae.usc.es\/igfae\/es\/maria-vieites-coordinadora-adjunta-fisica-lhcb-cern\/","og_locale":"es_ES","og_type":"article","og_title":"La investigadora Mar\u00eda Vieites, nombrada coordinadora adjunta de f\u00edsica en el experimento LHCb del CERN","og_description":"La investigadora, que se incorporar\u00e1 en septiembre al IGFAE, asume uno de los cargos m\u00e1s relevantes de esta colaboraci\u00f3n cient\u00edfica","og_url":"https:\/\/igfae.usc.es\/igfae\/es\/maria-vieites-coordinadora-adjunta-fisica-lhcb-cern\/","og_site_name":"IGFAE","article_published_time":"2024-07-10T08:14:13+00:00","article_modified_time":"2024-12-30T08:06:17+00:00","og_image":[{"width":1920,"height":1440,"url":"https:\/\/igfae.usc.es\/igfae\/wp-content\/uploads\/2024\/07\/2024_07_10-Maria-Vieites-LHCb.jpg","type":"image\/jpeg"}],"author":"Manuel","twitter_card":"summary_large_image","twitter_creator":"@IGFAE_HEP","twitter_site":"@IGFAE_HEP","twitter_misc":{"Written by":"Manuel","Est. reading time":"3 minutes"},"schema":{"@context":"https:\/\/schema.org","@graph":[{"@type":"Article","@id":"https:\/\/igfae.usc.es\/igfae\/es\/maria-vieites-coordinadora-adjunta-fisica-lhcb-cern\/#article","isPartOf":{"@id":"https:\/\/igfae.usc.es\/igfae\/es\/maria-vieites-coordinadora-adjunta-fisica-lhcb-cern\/"},"author":{"name":"Manuel","@id":"https:\/\/igfae.usc.es\/igfae\/#\/schema\/person\/7edb28d4e85fc09a1d4a05dd2b844174"},"headline":"La investigadora Mar\u00eda Vieites, nombrada coordinadora adjunta de f\u00edsica en el experimento LHCb del CERN","datePublished":"2024-07-10T08:14:13+00:00","dateModified":"2024-12-30T08:06:17+00:00","mainEntityOfPage":{"@id":"https:\/\/igfae.usc.es\/igfae\/es\/maria-vieites-coordinadora-adjunta-fisica-lhcb-cern\/"},"wordCount":587,"publisher":{"@id":"https:\/\/igfae.usc.es\/igfae\/#organization"},"image":{"@id":"https:\/\/igfae.usc.es\/igfae\/es\/maria-vieites-coordinadora-adjunta-fisica-lhcb-cern\/#primaryimage"},"thumbnailUrl":"https:\/\/igfae.usc.es\/igfae\/wp-content\/uploads\/2024\/07\/2024_07_10-Maria-Vieites-LHCb.jpg","articleSection":["Noticias","Noticias cient\u00edficas"],"inLanguage":"es-ES"},{"@type":"WebPage","@id":"https:\/\/igfae.usc.es\/igfae\/es\/maria-vieites-coordinadora-adjunta-fisica-lhcb-cern\/","url":"https:\/\/igfae.usc.es\/igfae\/es\/maria-vieites-coordinadora-adjunta-fisica-lhcb-cern\/","name":"La investigadora Mar\u00eda Vieites, nombrada coordinadora adjunta de f\u00edsica en el experimento LHCb del CERN","isPartOf":{"@id":"https:\/\/igfae.usc.es\/igfae\/#website"},"primaryImageOfPage":{"@id":"https:\/\/igfae.usc.es\/igfae\/es\/maria-vieites-coordinadora-adjunta-fisica-lhcb-cern\/#primaryimage"},"image":{"@id":"https:\/\/igfae.usc.es\/igfae\/es\/maria-vieites-coordinadora-adjunta-fisica-lhcb-cern\/#primaryimage"},"thumbnailUrl":"https:\/\/igfae.usc.es\/igfae\/wp-content\/uploads\/2024\/07\/2024_07_10-Maria-Vieites-LHCb.jpg","datePublished":"2024-07-10T08:14:13+00:00","dateModified":"2024-12-30T08:06:17+00:00","description":"La investigadora, que se incorporar\u00e1 en septiembre al IGFAE, asume uno de los cargos m\u00e1s relevantes de esta colaboraci\u00f3n cient\u00edfica","breadcrumb":{"@id":"https:\/\/igfae.usc.es\/igfae\/es\/maria-vieites-coordinadora-adjunta-fisica-lhcb-cern\/#breadcrumb"},"inLanguage":"es-ES","potentialAction":[{"@type":"ReadAction","target":["https:\/\/igfae.usc.es\/igfae\/es\/maria-vieites-coordinadora-adjunta-fisica-lhcb-cern\/"]}]},{"@type":"ImageObject","inLanguage":"es-ES","@id":"https:\/\/igfae.usc.es\/igfae\/es\/maria-vieites-coordinadora-adjunta-fisica-lhcb-cern\/#primaryimage","url":"https:\/\/igfae.usc.es\/igfae\/wp-content\/uploads\/2024\/07\/2024_07_10-Maria-Vieites-LHCb.jpg","contentUrl":"https:\/\/igfae.usc.es\/igfae\/wp-content\/uploads\/2024\/07\/2024_07_10-Maria-Vieites-LHCb.jpg","width":1920,"height":1440},{"@type":"BreadcrumbList","@id":"https:\/\/igfae.usc.es\/igfae\/es\/maria-vieites-coordinadora-adjunta-fisica-lhcb-cern\/#breadcrumb","itemListElement":[{"@type":"ListItem","position":1,"name":"Inicio","item":"https:\/\/igfae.usc.es\/igfae\/es\/"},{"@type":"ListItem","position":2,"name":"La investigadora Mar\u00eda Vieites, nombrada coordinadora adjunta de f\u00edsica en el experimento LHCb del CERN"}]},{"@type":"WebSite","@id":"https:\/\/igfae.usc.es\/igfae\/#website","url":"https:\/\/igfae.usc.es\/igfae\/","name":"IGFAE","description":"Instituto Galego de F\u00edsica de Altas Enerx\u00edas","publisher":{"@id":"https:\/\/igfae.usc.es\/igfae\/#organization"},"potentialAction":[{"@type":"SearchAction","target":{"@type":"EntryPoint","urlTemplate":"https:\/\/igfae.usc.es\/igfae\/?s={search_term_string}"},"query-input":{"@type":"PropertyValueSpecification","valueRequired":true,"valueName":"search_term_string"}}],"inLanguage":"es-ES"},{"@type":"Organization","@id":"https:\/\/igfae.usc.es\/igfae\/#organization","name":"Instituto Galego de F\u00edsica de Altas Enerx\u00edas","url":"https:\/\/igfae.usc.es\/igfae\/","logo":{"@type":"ImageObject","inLanguage":"es-ES","@id":"https:\/\/igfae.usc.es\/igfae\/#\/schema\/logo\/image\/","url":"https:\/\/igfae.usc.es\/igfae\/wp-content\/uploads\/2025\/04\/seo-igfae.jpg","contentUrl":"https:\/\/igfae.usc.es\/igfae\/wp-content\/uploads\/2025\/04\/seo-igfae.jpg","width":1920,"height":1280,"caption":"Instituto Galego de F\u00edsica de Altas Enerx\u00edas"},"image":{"@id":"https:\/\/igfae.usc.es\/igfae\/#\/schema\/logo\/image\/"},"sameAs":["https:\/\/x.com\/IGFAE_HEP"]},{"@type":"Person","@id":"https:\/\/igfae.usc.es\/igfae\/#\/schema\/person\/7edb28d4e85fc09a1d4a05dd2b844174","name":"Manuel","image":{"@type":"ImageObject","inLanguage":"es-ES","@id":"https:\/\/secure.gravatar.com\/avatar\/92b6d25b24eb9115f11ff9585492998eef62b80c7a05fd1ccd3f44ea80f2cffb?s=96&d=mm&r=g","url":"https:\/\/secure.gravatar.com\/avatar\/92b6d25b24eb9115f11ff9585492998eef62b80c7a05fd1ccd3f44ea80f2cffb?s=96&d=mm&r=g","contentUrl":"https:\/\/secure.gravatar.com\/avatar\/92b6d25b24eb9115f11ff9585492998eef62b80c7a05fd1ccd3f44ea80f2cffb?s=96&d=mm&r=g","caption":"Manuel"},"url":"https:\/\/igfae.usc.es\/igfae\/es\/author\/manuelrey-pan\/"}]}},"_links":{"self":[{"href":"https:\/\/igfae.usc.es\/igfae\/es\/wp-json\/wp\/v2\/posts\/17640","targetHints":{"allow":["GET"]}}],"collection":[{"href":"https:\/\/igfae.usc.es\/igfae\/es\/wp-json\/wp\/v2\/posts"}],"about":[{"href":"https:\/\/igfae.usc.es\/igfae\/es\/wp-json\/wp\/v2\/types\/post"}],"author":[{"embeddable":true,"href":"https:\/\/igfae.usc.es\/igfae\/es\/wp-json\/wp\/v2\/users\/11"}],"replies":[{"embeddable":true,"href":"https:\/\/igfae.usc.es\/igfae\/es\/wp-json\/wp\/v2\/comments?post=17640"}],"version-history":[{"count":1,"href":"https:\/\/igfae.usc.es\/igfae\/es\/wp-json\/wp\/v2\/posts\/17640\/revisions"}],"predecessor-version":[{"id":17755,"href":"https:\/\/igfae.usc.es\/igfae\/es\/wp-json\/wp\/v2\/posts\/17640\/revisions\/17755"}],"wp:featuredmedia":[{"embeddable":true,"href":"https:\/\/igfae.usc.es\/igfae\/es\/wp-json\/wp\/v2\/media\/18876"}],"wp:attachment":[{"href":"https:\/\/igfae.usc.es\/igfae\/es\/wp-json\/wp\/v2\/media?parent=17640"}],"wp:term":[{"taxonomy":"category","embeddable":true,"href":"https:\/\/igfae.usc.es\/igfae\/es\/wp-json\/wp\/v2\/categories?post=17640"}],"curies":[{"name":"wp","href":"https:\/\/api.w.org\/{rel}","templated":true}]}}