{"id":21518,"date":"2025-10-31T08:25:31","date_gmt":"2025-10-31T07:25:31","guid":{"rendered":"https:\/\/igfae.usc.es\/igfae\/centenario-da-mecanica-cuantica-semana-da-ciencia\/"},"modified":"2025-11-01T13:18:55","modified_gmt":"2025-11-01T12:18:55","slug":"science-week-quantum-mechanics-centenary","status":"publish","type":"post","link":"https:\/\/igfae.usc.es\/igfae\/en\/science-week-quantum-mechanics-centenary\/","title":{"rendered":"IGFAE Science Week celebrates the centenary of quantum mechanics"},"content":{"rendered":"<p data-start=\"140\" data-end=\"572\">In 2025, the International Year of Quantum Science and Technology is being celebrated, coinciding with the centenary of the 1925 publications that laid the foundations of quantum mechanics, triggering a revolution in our understanding of the natural world. On the occasion of this milestone, IGFAE\u2019s Science Week approaches this discipline \u2014 essential for the development of modern physics \u2014 from a wide variety of perspectives.<\/p>\n<p data-start=\"574\" data-end=\"905\">This eighth edition will run from November 8 to 14, during which a broad program is scheduled. On Saturday, November 8, Science Week will begin with <a href=\"https:\/\/cienciasingular.usc.es\/\" target=\"_blank\" rel=\"noopener\">Ciencia Singular<\/a>, the open-house event organized by CiQUS, CiMUS, CiTIUS, IGFAE, and CRETUS \u2014 the five USC centers that form part of the Xunta de Galicia\u2019s CIGUS network.<\/p>\n<h4 data-start=\"907\" data-end=\"973\">Lecture by Ant\u00eda Lamas Li\u00f1ares<\/h4>\n<p><img loading=\"lazy\" decoding=\"async\" class=\"alignnone size-full wp-image-21512\" src=\"https:\/\/igfae.usc.es\/igfae\/wp-content\/uploads\/Antia-Lamas_Semana-da-Ciencia-IGFAE_web.jpg\" alt=\"\" width=\"1200\" height=\"920\" srcset=\"https:\/\/igfae.usc.es\/igfae\/wp-content\/uploads\/Antia-Lamas_Semana-da-Ciencia-IGFAE_web.jpg 1200w, https:\/\/igfae.usc.es\/igfae\/wp-content\/uploads\/Antia-Lamas_Semana-da-Ciencia-IGFAE_web-750x575.jpg 750w, https:\/\/igfae.usc.es\/igfae\/wp-content\/uploads\/Antia-Lamas_Semana-da-Ciencia-IGFAE_web-30x23.jpg 30w\" sizes=\"auto, (max-width: 1200px) 100vw, 1200px\" \/><\/p>\n<p data-start=\"975\" data-end=\"1505\">Ant\u00eda Lamas Li\u00f1ares, who earned her Physics degree at USC and is now a quantum scientist at Amazon Web Services, will deliver a lecture on Tuesday, November 11. The central event of this week will be her address, which will take place at 8:00 p.m. at the Casa das M\u00e1quinas (Rua das Galeras, s\/n). Her talk, <em data-start=\"1290\" data-end=\"1362\">The Second Quantum Revolution: the Path from Science to Engineering, <\/em>will discuss the opportunities that, 100 years later, the development of quantum mechanics offers for producing new technologies and products.<\/p>\n<p data-start=\"1507\" data-end=\"1888\">Ant\u00eda Lamas Li\u00f1ares grew up in Santiago and completed her Physics degree at USC. She then obtained a master\u2019s in Applied Optics from Imperial College London and a doctorate at the University of Oxford. Later she carried out a postdoctoral stay at the University of California, Santa Barbara, before establishing her own quantum optics group at the National University of Singapore.<\/p>\n<p data-start=\"1890\" data-end=\"2341\">During her time in Singapore, she helped launch the Quantum Technologies Center, of which she was a founding Principal Investigator. Since 2010 she has worked in the United States, first at the National Institute of Standards and Technology and later at the Texas Advanced Computing Center. In 2019 she joined SpeQtral, a Singaporean startup focused on satellite-based quantum communications, as Principal Quantum Scientist. In 2021 she joined Amazon.<\/p>\n<h4 data-start=\"2343\" data-end=\"2370\"><strong data-start=\"2348\" data-end=\"2370\">\u201cThe Quantum Deck\u201d<\/strong><\/h4>\n<p data-start=\"2372\" data-end=\"2726\">Before Ant\u00eda Lamas\u2019s lecture, at 7:00 p.m., the Casa das M\u00e1quinas will also host \u201cThe Quantum Deck: Perception, Information, and Reality.\u201d In this activity, IGFAE researcher Javier Mas and illusionist Kiko Pastur come together to portray the bewilderment and confusion that the development of quantum mechanics imposed on our perception and knowledge.<\/p>\n<h4 data-start=\"2728\" data-end=\"2786\">Concert by Sumrr\u00e1: \u201c7 Visi\u00f3ns\u201d and \u201cO Zoom Cu\u00e1ntico\u201d<\/h4>\n<p data-start=\"2788\" data-end=\"3198\">The 8th IGFAE Science Week will also embrace music via Sumrr\u00e1, one of Galicia\u2019s most recognized jazz bands, which this year celebrates its 25th anniversary. On Wednesday, November 12 at 8:00 p.m., in the auditorium of the Galician Center for Contemporary Art (CGAC), the group will dive into physics with a concert in which they will debut a previously unreleased piece inspired by quantum physics.<\/p>\n<p data-start=\"3200\" data-end=\"3628\">This is an initiative from the Galician Supercomputing Center (CESGA) and IGFAE, supported by the CGAC. The repertoire for this recital will focus on the album <em data-start=\"3360\" data-end=\"3371\">7 Visi\u00f3ns<\/em>, released by Sumrr\u00e1 in 2021, in which the Galician band assumed an inspiring exercise of \u201ctaking perspective and rethinking through music our own existence,\u201d they explain. In addition to pieces from that album, the group will premiere <em data-start=\"3610\" data-end=\"3627\">A Oitava Visi\u00f3n<\/em>.<\/p>\n<p data-start=\"3630\" data-end=\"3892\"><em data-start=\"3630\" data-end=\"3648\">O Zoom Cu\u00e1ntico<\/em>, \u201cplays with the idea of transition from classical physics to the quantum revolution, and of how the vision of the same reality can change depending on position, closeness, attention, or technology,\u201d the trio explains.<\/p>\n<h3><strong>Particle Physics Wikimarathon, NerdNite and Contemporary Dance Workshop<\/strong><\/h3>\n<p data-start=\"3972\" data-end=\"4379\">Beyond initiatives such as the classic NerdNite (Thursday, November 13, 8:30 p.m., A Nave de Vid\u00e1n), the final stretch of Science Week includes new activities aiming to reach new audiences, such as a Particle Physics Wikimarathon (Thursday, November 13, 3:30 p.m., at the IGFAE headquarters) and a workshop combining quantum physics and contemporary dance (Friday, November 14, 5:00 p.m., CGAC).<\/p>\n<p data-start=\"4381\" data-end=\"4715\">The <a href=\"https:\/\/gl.wikipedia.org\/wiki\/Wikipedia:Wikimarat%C3%B3n_de_F%C3%ADsica_de_Part%C3%ADculas\" target=\"_blank\" rel=\"noopener\">first edition of the <em data-start=\"4406\" data-end=\"4437\">Wikimarat\u00f3n de F\u00edsica de Part\u00edculas<\/em><\/a> will aim to generate Galician-language Wikipedia content related to IGFAE\u2019s research areas. The activity is geared toward IGFAE staff and open to USC Physics undergraduates, related degrees, and anyone interested in particle physics. <a href=\"https:\/\/forms.office.com\/e\/90m5iej6ND?origin=lprLink\" target=\"_blank\" rel=\"noopener\"><strong data-start=\"4672\" data-end=\"4715\">Registration can be made via this link.<\/strong><\/a><\/p>\n<p data-start=\"4717\" data-end=\"5045\">NerdNite will approach quantum topics from various perspectives, such as quantum clocks, superconductivity or the influence of cosmic rays on quantum computation, respectively by \u00c1ngel Paredes Gal\u00e1n (IFCAE \u2013 University of Vigo), Jes\u00fas Mosqueira Rey (USC Quantum Materials &amp; Photonics Group), and Carolina Filgueira Rama (IGFAE).<\/p>\n<p data-start=\"5047\" data-end=\"5696\">Science Week will close with a new workshop that weaves quantum physics and contemporary dance, coordinated by IGFAE researcher H\u00e9ctor \u00c1lvarez and artist Paula Quintas. It will explore principles such as superposition, uncertainty, entanglement, and observation, and their role in inspiring new forms of creation and movement. The workshop invites artists, dancers, and curious minds to inhabit the space between the visible and the invisible, the tangible and the potential, generating a practice that combines scientific thought, bodily intuition, and scenic experimentation. Enrollment in the activity, limited to 25 participants, will open soon.<\/p>\n","protected":false},"excerpt":{"rendered":"<p>In 2025, the International Year of Quantum Science and Technology is being celebrated, coinciding with the centenary of the 1925 publications that laid the foundations of quantum mechanics, triggering a revolution in our understanding of the natural world. On the occasion of this milestone, IGFAE\u2019s Science Week approaches this discipline \u2014 essential for the development [&hellip;]<\/p>\n","protected":false},"author":11,"featured_media":21506,"comment_status":"closed","ping_status":"closed","sticky":false,"template":"","format":"standard","meta":{"_acf_changed":false,"footnotes":""},"categories":[13,14],"class_list":["post-21518","post","type-post","status-publish","format-standard","has-post-thumbnail","hentry","category-news","category-outreach"],"acf":[],"yoast_head":"<!-- This site is optimized with the Yoast SEO plugin v27.4 - https:\/\/yoast.com\/product\/yoast-seo-wordpress\/ -->\n<title>IGFAE Science Week celebrates the centenary of quantum mechanics<\/title>\n<meta name=\"description\" content=\"Ant\u00eda Lamas Li\u00f1ares, Principal Quantum Researcher in Amazon Web Services, will give the keynote lecture on Tuesday, 11 November\" \/>\n<meta name=\"robots\" content=\"index, follow, max-snippet:-1, max-image-preview:large, max-video-preview:-1\" \/>\n<link rel=\"canonical\" href=\"https:\/\/igfae.usc.es\/igfae\/en\/science-week-quantum-mechanics-centenary\/\" \/>\n<meta property=\"og:locale\" content=\"en_US\" \/>\n<meta property=\"og:type\" content=\"article\" \/>\n<meta property=\"og:title\" content=\"IGFAE Science Week celebrates the centenary of quantum mechanics\" \/>\n<meta property=\"og:description\" content=\"Ant\u00eda Lamas Li\u00f1ares, Principal Quantum Researcher in Amazon Web Services, will give the keynote lecture on Tuesday, 11 November\" \/>\n<meta property=\"og:url\" content=\"https:\/\/igfae.usc.es\/igfae\/en\/science-week-quantum-mechanics-centenary\/\" \/>\n<meta property=\"og:site_name\" content=\"IGFAE\" \/>\n<meta property=\"article:published_time\" content=\"2025-10-31T07:25:31+00:00\" \/>\n<meta property=\"article:modified_time\" content=\"2025-11-01T12:18:55+00:00\" \/>\n<meta property=\"og:image\" content=\"https:\/\/igfae.usc.es\/igfae\/wp-content\/uploads\/Semana-da-Ciencia-IGFAE-2025_web.jpg\" \/>\n\t<meta property=\"og:image:width\" content=\"1244\" \/>\n\t<meta property=\"og:image:height\" content=\"700\" \/>\n\t<meta property=\"og:image:type\" content=\"image\/jpeg\" \/>\n<meta name=\"author\" content=\"Manuel\" \/>\n<meta name=\"twitter:card\" content=\"summary_large_image\" \/>\n<meta name=\"twitter:creator\" content=\"@IGFAE_HEP\" \/>\n<meta name=\"twitter:site\" content=\"@IGFAE_HEP\" \/>\n<meta name=\"twitter:label1\" content=\"Written by\" \/>\n\t<meta name=\"twitter:data1\" content=\"Manuel\" \/>\n\t<meta name=\"twitter:label2\" content=\"Est. reading time\" \/>\n\t<meta name=\"twitter:data2\" content=\"5 minutes\" \/>\n<script type=\"application\/ld+json\" class=\"yoast-schema-graph\">{\"@context\":\"https:\\\/\\\/schema.org\",\"@graph\":[{\"@type\":\"Article\",\"@id\":\"https:\\\/\\\/igfae.usc.es\\\/igfae\\\/en\\\/science-week-quantum-mechanics-centenary\\\/#article\",\"isPartOf\":{\"@id\":\"https:\\\/\\\/igfae.usc.es\\\/igfae\\\/en\\\/science-week-quantum-mechanics-centenary\\\/\"},\"author\":{\"name\":\"Manuel\",\"@id\":\"https:\\\/\\\/igfae.usc.es\\\/igfae\\\/#\\\/schema\\\/person\\\/7edb28d4e85fc09a1d4a05dd2b844174\"},\"headline\":\"IGFAE Science Week celebrates the centenary of quantum mechanics\",\"datePublished\":\"2025-10-31T07:25:31+00:00\",\"dateModified\":\"2025-11-01T12:18:55+00:00\",\"mainEntityOfPage\":{\"@id\":\"https:\\\/\\\/igfae.usc.es\\\/igfae\\\/en\\\/science-week-quantum-mechanics-centenary\\\/\"},\"wordCount\":845,\"publisher\":{\"@id\":\"https:\\\/\\\/igfae.usc.es\\\/igfae\\\/#organization\"},\"image\":{\"@id\":\"https:\\\/\\\/igfae.usc.es\\\/igfae\\\/en\\\/science-week-quantum-mechanics-centenary\\\/#primaryimage\"},\"thumbnailUrl\":\"https:\\\/\\\/igfae.usc.es\\\/igfae\\\/wp-content\\\/uploads\\\/Semana-da-Ciencia-IGFAE-2025_web.jpg\",\"articleSection\":[\"News\",\"Outreach\"],\"inLanguage\":\"en-US\"},{\"@type\":\"WebPage\",\"@id\":\"https:\\\/\\\/igfae.usc.es\\\/igfae\\\/en\\\/science-week-quantum-mechanics-centenary\\\/\",\"url\":\"https:\\\/\\\/igfae.usc.es\\\/igfae\\\/en\\\/science-week-quantum-mechanics-centenary\\\/\",\"name\":\"IGFAE Science Week celebrates the centenary of quantum mechanics\",\"isPartOf\":{\"@id\":\"https:\\\/\\\/igfae.usc.es\\\/igfae\\\/#website\"},\"primaryImageOfPage\":{\"@id\":\"https:\\\/\\\/igfae.usc.es\\\/igfae\\\/en\\\/science-week-quantum-mechanics-centenary\\\/#primaryimage\"},\"image\":{\"@id\":\"https:\\\/\\\/igfae.usc.es\\\/igfae\\\/en\\\/science-week-quantum-mechanics-centenary\\\/#primaryimage\"},\"thumbnailUrl\":\"https:\\\/\\\/igfae.usc.es\\\/igfae\\\/wp-content\\\/uploads\\\/Semana-da-Ciencia-IGFAE-2025_web.jpg\",\"datePublished\":\"2025-10-31T07:25:31+00:00\",\"dateModified\":\"2025-11-01T12:18:55+00:00\",\"description\":\"Ant\u00eda Lamas Li\u00f1ares, Principal Quantum Researcher in Amazon Web Services, will give the keynote lecture on Tuesday, 11 November\",\"breadcrumb\":{\"@id\":\"https:\\\/\\\/igfae.usc.es\\\/igfae\\\/en\\\/science-week-quantum-mechanics-centenary\\\/#breadcrumb\"},\"inLanguage\":\"en-US\",\"potentialAction\":[{\"@type\":\"ReadAction\",\"target\":[\"https:\\\/\\\/igfae.usc.es\\\/igfae\\\/en\\\/science-week-quantum-mechanics-centenary\\\/\"]}]},{\"@type\":\"ImageObject\",\"inLanguage\":\"en-US\",\"@id\":\"https:\\\/\\\/igfae.usc.es\\\/igfae\\\/en\\\/science-week-quantum-mechanics-centenary\\\/#primaryimage\",\"url\":\"https:\\\/\\\/igfae.usc.es\\\/igfae\\\/wp-content\\\/uploads\\\/Semana-da-Ciencia-IGFAE-2025_web.jpg\",\"contentUrl\":\"https:\\\/\\\/igfae.usc.es\\\/igfae\\\/wp-content\\\/uploads\\\/Semana-da-Ciencia-IGFAE-2025_web.jpg\",\"width\":1244,\"height\":700},{\"@type\":\"BreadcrumbList\",\"@id\":\"https:\\\/\\\/igfae.usc.es\\\/igfae\\\/en\\\/science-week-quantum-mechanics-centenary\\\/#breadcrumb\",\"itemListElement\":[{\"@type\":\"ListItem\",\"position\":1,\"name\":\"Inicio\",\"item\":\"https:\\\/\\\/igfae.usc.es\\\/igfae\\\/en\\\/\"},{\"@type\":\"ListItem\",\"position\":2,\"name\":\"IGFAE Science Week celebrates the centenary of quantum mechanics\"}]},{\"@type\":\"WebSite\",\"@id\":\"https:\\\/\\\/igfae.usc.es\\\/igfae\\\/#website\",\"url\":\"https:\\\/\\\/igfae.usc.es\\\/igfae\\\/\",\"name\":\"IGFAE\",\"description\":\"Instituto Galego de F\u00edsica de Altas Enerx\u00edas\",\"publisher\":{\"@id\":\"https:\\\/\\\/igfae.usc.es\\\/igfae\\\/#organization\"},\"potentialAction\":[{\"@type\":\"SearchAction\",\"target\":{\"@type\":\"EntryPoint\",\"urlTemplate\":\"https:\\\/\\\/igfae.usc.es\\\/igfae\\\/?s={search_term_string}\"},\"query-input\":{\"@type\":\"PropertyValueSpecification\",\"valueRequired\":true,\"valueName\":\"search_term_string\"}}],\"inLanguage\":\"en-US\"},{\"@type\":\"Organization\",\"@id\":\"https:\\\/\\\/igfae.usc.es\\\/igfae\\\/#organization\",\"name\":\"Instituto Galego de F\u00edsica de Altas Enerx\u00edas\",\"url\":\"https:\\\/\\\/igfae.usc.es\\\/igfae\\\/\",\"logo\":{\"@type\":\"ImageObject\",\"inLanguage\":\"en-US\",\"@id\":\"https:\\\/\\\/igfae.usc.es\\\/igfae\\\/#\\\/schema\\\/logo\\\/image\\\/\",\"url\":\"https:\\\/\\\/igfae.usc.es\\\/igfae\\\/wp-content\\\/uploads\\\/2025\\\/04\\\/seo-igfae.jpg\",\"contentUrl\":\"https:\\\/\\\/igfae.usc.es\\\/igfae\\\/wp-content\\\/uploads\\\/2025\\\/04\\\/seo-igfae.jpg\",\"width\":1920,\"height\":1280,\"caption\":\"Instituto Galego de F\u00edsica de Altas Enerx\u00edas\"},\"image\":{\"@id\":\"https:\\\/\\\/igfae.usc.es\\\/igfae\\\/#\\\/schema\\\/logo\\\/image\\\/\"},\"sameAs\":[\"https:\\\/\\\/x.com\\\/IGFAE_HEP\"]},{\"@type\":\"Person\",\"@id\":\"https:\\\/\\\/igfae.usc.es\\\/igfae\\\/#\\\/schema\\\/person\\\/7edb28d4e85fc09a1d4a05dd2b844174\",\"name\":\"Manuel\",\"image\":{\"@type\":\"ImageObject\",\"inLanguage\":\"en-US\",\"@id\":\"https:\\\/\\\/secure.gravatar.com\\\/avatar\\\/92b6d25b24eb9115f11ff9585492998eef62b80c7a05fd1ccd3f44ea80f2cffb?s=96&d=mm&r=g\",\"url\":\"https:\\\/\\\/secure.gravatar.com\\\/avatar\\\/92b6d25b24eb9115f11ff9585492998eef62b80c7a05fd1ccd3f44ea80f2cffb?s=96&d=mm&r=g\",\"contentUrl\":\"https:\\\/\\\/secure.gravatar.com\\\/avatar\\\/92b6d25b24eb9115f11ff9585492998eef62b80c7a05fd1ccd3f44ea80f2cffb?s=96&d=mm&r=g\",\"caption\":\"Manuel\"},\"url\":\"https:\\\/\\\/igfae.usc.es\\\/igfae\\\/en\\\/author\\\/manuelrey-pan\\\/\"}]}<\/script>\n<!-- \/ Yoast SEO plugin. -->","yoast_head_json":{"title":"IGFAE Science Week celebrates the centenary of quantum mechanics","description":"Ant\u00eda Lamas Li\u00f1ares, Principal Quantum Researcher in Amazon Web Services, will give the keynote lecture on Tuesday, 11 November","robots":{"index":"index","follow":"follow","max-snippet":"max-snippet:-1","max-image-preview":"max-image-preview:large","max-video-preview":"max-video-preview:-1"},"canonical":"https:\/\/igfae.usc.es\/igfae\/en\/science-week-quantum-mechanics-centenary\/","og_locale":"en_US","og_type":"article","og_title":"IGFAE Science Week celebrates the centenary of quantum mechanics","og_description":"Ant\u00eda Lamas Li\u00f1ares, Principal Quantum Researcher in Amazon Web Services, will give the keynote lecture on Tuesday, 11 November","og_url":"https:\/\/igfae.usc.es\/igfae\/en\/science-week-quantum-mechanics-centenary\/","og_site_name":"IGFAE","article_published_time":"2025-10-31T07:25:31+00:00","article_modified_time":"2025-11-01T12:18:55+00:00","og_image":[{"width":1244,"height":700,"url":"https:\/\/igfae.usc.es\/igfae\/wp-content\/uploads\/Semana-da-Ciencia-IGFAE-2025_web.jpg","type":"image\/jpeg"}],"author":"Manuel","twitter_card":"summary_large_image","twitter_creator":"@IGFAE_HEP","twitter_site":"@IGFAE_HEP","twitter_misc":{"Written by":"Manuel","Est. reading time":"5 minutes"},"schema":{"@context":"https:\/\/schema.org","@graph":[{"@type":"Article","@id":"https:\/\/igfae.usc.es\/igfae\/en\/science-week-quantum-mechanics-centenary\/#article","isPartOf":{"@id":"https:\/\/igfae.usc.es\/igfae\/en\/science-week-quantum-mechanics-centenary\/"},"author":{"name":"Manuel","@id":"https:\/\/igfae.usc.es\/igfae\/#\/schema\/person\/7edb28d4e85fc09a1d4a05dd2b844174"},"headline":"IGFAE Science Week celebrates the centenary of quantum mechanics","datePublished":"2025-10-31T07:25:31+00:00","dateModified":"2025-11-01T12:18:55+00:00","mainEntityOfPage":{"@id":"https:\/\/igfae.usc.es\/igfae\/en\/science-week-quantum-mechanics-centenary\/"},"wordCount":845,"publisher":{"@id":"https:\/\/igfae.usc.es\/igfae\/#organization"},"image":{"@id":"https:\/\/igfae.usc.es\/igfae\/en\/science-week-quantum-mechanics-centenary\/#primaryimage"},"thumbnailUrl":"https:\/\/igfae.usc.es\/igfae\/wp-content\/uploads\/Semana-da-Ciencia-IGFAE-2025_web.jpg","articleSection":["News","Outreach"],"inLanguage":"en-US"},{"@type":"WebPage","@id":"https:\/\/igfae.usc.es\/igfae\/en\/science-week-quantum-mechanics-centenary\/","url":"https:\/\/igfae.usc.es\/igfae\/en\/science-week-quantum-mechanics-centenary\/","name":"IGFAE Science Week celebrates the centenary of quantum mechanics","isPartOf":{"@id":"https:\/\/igfae.usc.es\/igfae\/#website"},"primaryImageOfPage":{"@id":"https:\/\/igfae.usc.es\/igfae\/en\/science-week-quantum-mechanics-centenary\/#primaryimage"},"image":{"@id":"https:\/\/igfae.usc.es\/igfae\/en\/science-week-quantum-mechanics-centenary\/#primaryimage"},"thumbnailUrl":"https:\/\/igfae.usc.es\/igfae\/wp-content\/uploads\/Semana-da-Ciencia-IGFAE-2025_web.jpg","datePublished":"2025-10-31T07:25:31+00:00","dateModified":"2025-11-01T12:18:55+00:00","description":"Ant\u00eda Lamas Li\u00f1ares, Principal Quantum Researcher in Amazon Web Services, will give the keynote lecture on Tuesday, 11 November","breadcrumb":{"@id":"https:\/\/igfae.usc.es\/igfae\/en\/science-week-quantum-mechanics-centenary\/#breadcrumb"},"inLanguage":"en-US","potentialAction":[{"@type":"ReadAction","target":["https:\/\/igfae.usc.es\/igfae\/en\/science-week-quantum-mechanics-centenary\/"]}]},{"@type":"ImageObject","inLanguage":"en-US","@id":"https:\/\/igfae.usc.es\/igfae\/en\/science-week-quantum-mechanics-centenary\/#primaryimage","url":"https:\/\/igfae.usc.es\/igfae\/wp-content\/uploads\/Semana-da-Ciencia-IGFAE-2025_web.jpg","contentUrl":"https:\/\/igfae.usc.es\/igfae\/wp-content\/uploads\/Semana-da-Ciencia-IGFAE-2025_web.jpg","width":1244,"height":700},{"@type":"BreadcrumbList","@id":"https:\/\/igfae.usc.es\/igfae\/en\/science-week-quantum-mechanics-centenary\/#breadcrumb","itemListElement":[{"@type":"ListItem","position":1,"name":"Inicio","item":"https:\/\/igfae.usc.es\/igfae\/en\/"},{"@type":"ListItem","position":2,"name":"IGFAE Science Week celebrates the centenary of quantum mechanics"}]},{"@type":"WebSite","@id":"https:\/\/igfae.usc.es\/igfae\/#website","url":"https:\/\/igfae.usc.es\/igfae\/","name":"IGFAE","description":"Instituto Galego de F\u00edsica de Altas Enerx\u00edas","publisher":{"@id":"https:\/\/igfae.usc.es\/igfae\/#organization"},"potentialAction":[{"@type":"SearchAction","target":{"@type":"EntryPoint","urlTemplate":"https:\/\/igfae.usc.es\/igfae\/?s={search_term_string}"},"query-input":{"@type":"PropertyValueSpecification","valueRequired":true,"valueName":"search_term_string"}}],"inLanguage":"en-US"},{"@type":"Organization","@id":"https:\/\/igfae.usc.es\/igfae\/#organization","name":"Instituto Galego de F\u00edsica de Altas Enerx\u00edas","url":"https:\/\/igfae.usc.es\/igfae\/","logo":{"@type":"ImageObject","inLanguage":"en-US","@id":"https:\/\/igfae.usc.es\/igfae\/#\/schema\/logo\/image\/","url":"https:\/\/igfae.usc.es\/igfae\/wp-content\/uploads\/2025\/04\/seo-igfae.jpg","contentUrl":"https:\/\/igfae.usc.es\/igfae\/wp-content\/uploads\/2025\/04\/seo-igfae.jpg","width":1920,"height":1280,"caption":"Instituto Galego de F\u00edsica de Altas Enerx\u00edas"},"image":{"@id":"https:\/\/igfae.usc.es\/igfae\/#\/schema\/logo\/image\/"},"sameAs":["https:\/\/x.com\/IGFAE_HEP"]},{"@type":"Person","@id":"https:\/\/igfae.usc.es\/igfae\/#\/schema\/person\/7edb28d4e85fc09a1d4a05dd2b844174","name":"Manuel","image":{"@type":"ImageObject","inLanguage":"en-US","@id":"https:\/\/secure.gravatar.com\/avatar\/92b6d25b24eb9115f11ff9585492998eef62b80c7a05fd1ccd3f44ea80f2cffb?s=96&d=mm&r=g","url":"https:\/\/secure.gravatar.com\/avatar\/92b6d25b24eb9115f11ff9585492998eef62b80c7a05fd1ccd3f44ea80f2cffb?s=96&d=mm&r=g","contentUrl":"https:\/\/secure.gravatar.com\/avatar\/92b6d25b24eb9115f11ff9585492998eef62b80c7a05fd1ccd3f44ea80f2cffb?s=96&d=mm&r=g","caption":"Manuel"},"url":"https:\/\/igfae.usc.es\/igfae\/en\/author\/manuelrey-pan\/"}]}},"_links":{"self":[{"href":"https:\/\/igfae.usc.es\/igfae\/en\/wp-json\/wp\/v2\/posts\/21518","targetHints":{"allow":["GET"]}}],"collection":[{"href":"https:\/\/igfae.usc.es\/igfae\/en\/wp-json\/wp\/v2\/posts"}],"about":[{"href":"https:\/\/igfae.usc.es\/igfae\/en\/wp-json\/wp\/v2\/types\/post"}],"author":[{"embeddable":true,"href":"https:\/\/igfae.usc.es\/igfae\/en\/wp-json\/wp\/v2\/users\/11"}],"replies":[{"embeddable":true,"href":"https:\/\/igfae.usc.es\/igfae\/en\/wp-json\/wp\/v2\/comments?post=21518"}],"version-history":[{"count":3,"href":"https:\/\/igfae.usc.es\/igfae\/en\/wp-json\/wp\/v2\/posts\/21518\/revisions"}],"predecessor-version":[{"id":21537,"href":"https:\/\/igfae.usc.es\/igfae\/en\/wp-json\/wp\/v2\/posts\/21518\/revisions\/21537"}],"wp:featuredmedia":[{"embeddable":true,"href":"https:\/\/igfae.usc.es\/igfae\/en\/wp-json\/wp\/v2\/media\/21506"}],"wp:attachment":[{"href":"https:\/\/igfae.usc.es\/igfae\/en\/wp-json\/wp\/v2\/media?parent=21518"}],"wp:term":[{"taxonomy":"category","embeddable":true,"href":"https:\/\/igfae.usc.es\/igfae\/en\/wp-json\/wp\/v2\/categories?post=21518"}],"curies":[{"name":"wp","href":"https:\/\/api.w.org\/{rel}","templated":true}]}}