{"id":17679,"date":"2024-11-27T12:34:22","date_gmt":"2024-11-27T10:34:22","guid":{"rendered":"http:\/\/localhost:8888\/igfae-copia\/?p=16823"},"modified":"2024-12-26T10:39:01","modified_gmt":"2024-12-26T09:39:01","slug":"a-fisica-cuantica-e-a-danza-fusionanse-nunha-nova-edicion-do-ciclo-transfronteirizas-do-igfae","status":"publish","type":"post","link":"https:\/\/igfae.usc.es\/igfae\/en\/a-fisica-cuantica-e-a-danza-fusionanse-nunha-nova-edicion-do-ciclo-transfronteirizas-do-igfae\/","title":{"rendered":"A f\u00edsica cu\u00e1ntica e a danza fusi\u00f3nanse nunha nova edici\u00f3n do ciclo \u2018Transfronteirizas\u2019 do IGFAE"},"content":{"rendered":"<p>A sede Instituto Galego de F\u00edsica de Altas Enerx\u00edas (IGFAE), centro mixto da Universidade de Santiago de Compostela e a Xunta de Galicia acolle este venres 29 de novembro un encontro no que se mesturar\u00e1n a danza e a f\u00edsica. No marco do ciclo <em>Transfronteirizas: conversas de arte e ciencia<\/em> o investigador do IGFAE <strong>H\u00e9ctor \u00c1lvarez<\/strong> e a artista<strong> Paula Quintas<\/strong> dialogar\u00e1n acerca do proxecto <strong><em>Mundo Quark. Danza Cu\u00e1ntica<\/em><\/strong>, no que se exploran as intersecci\u00f3ns entre ambas disciplinas. O encontro comezar\u00e1 \u00e1s 19.30 horas, e o acceso ser\u00e1 libre e gratu\u00edto.<\/p>\n<p>Meses atr\u00e1s, en colaboraci\u00f3n co Centro Galego de Arte Contempor\u00e1nea (<strong>CGAC<\/strong>) e a comisi\u00f3n de festas do barrio de <strong>San Pedro<\/strong>, Paula Quintas e H\u00e9ctor \u00c1lvarez comezaron a xestar un proxecto no que se hibridasen a danza contempor\u00e1nea e a f\u00edsica de part\u00edculas. Partindo do Modelo Est\u00e1ndar, a proposta buscaba representar, a trav\u00e9s do movemento corporal, as teor\u00edas cu\u00e1nticas de campos que describen a natureza das part\u00edculas elementais e as interacci\u00f3ns entre elas. O proxecto frutificou nun obradoiro desenvolvido en xu\u00f1o deste ano no CGAC, co gallo das festas do barrio de San Pedro, no que participaron arredor dunha vintena de persoas.<\/p>\n<p><strong>Paula Quintas<\/strong> (Ourense, 1983) \u00e9 bailarina, artista circense, core\u00f3grafa, pedagoga e xestora cultural. Ten un mestrado en artes esc\u00e9nicas pola Universidad Rey Juan Carlos e investiga os l\u00edmites e as confluencias das artes corporais, dentro do Programa de Doutoramento en creaci\u00f3n e investigaci\u00f3n na arte contempor\u00e1nea, na Universidade de Vigo. O seu traballo destaca polo di\u00e1logo entre o corpo e o movemento, xerando un compo\u00f1ente visual e experiencial a trav\u00e9s de c\u00f3digos contempor\u00e1neos.<\/p>\n<p><strong>H\u00e9ctor \u00c1lvarez Pol<\/strong> (Ribas de Sil, Lugo, 1972) \u00e9 profesor no Departamento de F\u00edsica de Part\u00edculas da Universidade de Santiago de Compostela e investigador do IGFAE, e move o seu corpo a ritmo de tango. Introducir\u00e1 os asistentes nos elementos b\u00e1sicos e as interacci\u00f3ns fundamentais da f\u00edsica como ferramentas centrais na conversa coa danza contempor\u00e1nea.<\/p>\n<h5><strong>Sobre Transfronteirizas<\/strong><\/h5>\n<p>O ciclo de di\u00e1logos\u00a0<a href=\"https:\/\/igfae.usc.es\/labs\/transfronteirizas\/\" target=\"_blank\" rel=\"noopener\"><em>Transfronteirizas<\/em><\/a>, que xa suma m\u00e1is dunha ducia de sesi\u00f3ns, re\u00fane a figuras do eido cultural para explorar as intersecci\u00f3ns entre a arte e a ciencia xunto ao persoal investigador do IGFAE. Esta iniciativa enm\u00e1rcase dentro do programa <a href=\"https:\/\/igfae.usc.es\/labs\/area\/artlab\/\" target=\"_blank\" rel=\"noopener\"><strong>ArtLAB<\/strong><\/a>, que pretende tender pontes e fomentar a participaci\u00f3n entre a sociedade e a comunidade investigadora a trav\u00e9s de distintas expresi\u00f3ns art\u00edsticas.<\/p>\n<p>Nesta ocasi\u00f3n, a conversa pecha as celebraci\u00f3n da s\u00e9tima edici\u00f3n da Semana da Ciencia do IGFAE, un encontro anual no que, a trav\u00e9s de diversas iniciativas, se achega \u00e1 cidadan\u00eda o labor cient\u00edfico que se desenvolve nas \u00e1reas de investigaci\u00f3n do Instituto.<\/p>\n","protected":false},"excerpt":{"rendered":"<p>A sede Instituto Galego de F\u00edsica de Altas Enerx\u00edas (IGFAE), centro mixto da Universidade de Santiago de Compostela e a Xunta de Galicia acolle este venres 29 de novembro un encontro no que se mesturar\u00e1n a danza e a f\u00edsica. No marco do ciclo Transfronteirizas: conversas de arte e ciencia o investigador do IGFAE H\u00e9ctor [&hellip;]<\/p>\n","protected":false},"author":11,"featured_media":16824,"comment_status":"closed","ping_status":"closed","sticky":false,"template":"","format":"standard","meta":{"_acf_changed":false,"footnotes":""},"categories":[39,13],"class_list":["post-17679","post","type-post","status-publish","format-standard","has-post-thumbnail","hentry","category-artlab","category-news"],"acf":[],"yoast_head":"<!-- This site is optimized with the Yoast SEO plugin v27.5 - https:\/\/yoast.com\/product\/yoast-seo-wordpress\/ -->\n<title>A f\u00edsica cu\u00e1ntica e a danza fusi\u00f3nanse nunha nova edici\u00f3n do ciclo \u2018Transfronteirizas\u2019 do IGFAE<\/title>\n<meta name=\"robots\" content=\"index, follow, max-snippet:-1, max-image-preview:large, max-video-preview:-1\" \/>\n<link rel=\"canonical\" href=\"https:\/\/igfae.usc.es\/igfae\/en\/a-fisica-cuantica-e-a-danza-fusionanse-nunha-nova-edicion-do-ciclo-transfronteirizas-do-igfae\/\" \/>\n<meta property=\"og:locale\" content=\"en_US\" \/>\n<meta property=\"og:type\" content=\"article\" \/>\n<meta property=\"og:title\" content=\"A f\u00edsica cu\u00e1ntica e a danza fusi\u00f3nanse nunha nova edici\u00f3n do ciclo \u2018Transfronteirizas\u2019 do IGFAE\" \/>\n<meta property=\"og:description\" content=\"A sede Instituto Galego de F\u00edsica de Altas Enerx\u00edas (IGFAE), centro mixto da Universidade de Santiago de Compostela e a Xunta de Galicia acolle este venres 29 de novembro un encontro no que se mesturar\u00e1n a danza e a f\u00edsica. No marco do ciclo Transfronteirizas: conversas de arte e ciencia o investigador do IGFAE H\u00e9ctor [&hellip;]\" \/>\n<meta property=\"og:url\" content=\"https:\/\/igfae.usc.es\/igfae\/en\/a-fisica-cuantica-e-a-danza-fusionanse-nunha-nova-edicion-do-ciclo-transfronteirizas-do-igfae\/\" \/>\n<meta property=\"og:site_name\" content=\"IGFAE\" \/>\n<meta property=\"article:published_time\" content=\"2024-11-27T10:34:22+00:00\" \/>\n<meta property=\"article:modified_time\" content=\"2024-12-26T09:39:01+00:00\" \/>\n<meta name=\"author\" content=\"Manuel\" \/>\n<meta name=\"twitter:card\" content=\"summary_large_image\" \/>\n<meta name=\"twitter:creator\" content=\"@IGFAE_HEP\" \/>\n<meta name=\"twitter:site\" content=\"@IGFAE_HEP\" \/>\n<meta name=\"twitter:label1\" content=\"Written by\" \/>\n\t<meta name=\"twitter:data1\" content=\"Manuel\" \/>\n\t<meta name=\"twitter:label2\" content=\"Est. reading time\" \/>\n\t<meta name=\"twitter:data2\" content=\"2 minutes\" \/>\n<script type=\"application\/ld+json\" class=\"yoast-schema-graph\">{\"@context\":\"https:\\\/\\\/schema.org\",\"@graph\":[{\"@type\":\"Article\",\"@id\":\"https:\\\/\\\/igfae.usc.es\\\/igfae\\\/en\\\/a-fisica-cuantica-e-a-danza-fusionanse-nunha-nova-edicion-do-ciclo-transfronteirizas-do-igfae\\\/#article\",\"isPartOf\":{\"@id\":\"https:\\\/\\\/igfae.usc.es\\\/igfae\\\/en\\\/a-fisica-cuantica-e-a-danza-fusionanse-nunha-nova-edicion-do-ciclo-transfronteirizas-do-igfae\\\/\"},\"author\":{\"name\":\"Manuel\",\"@id\":\"https:\\\/\\\/igfae.usc.es\\\/igfae\\\/#\\\/schema\\\/person\\\/7edb28d4e85fc09a1d4a05dd2b844174\"},\"headline\":\"A f\u00edsica cu\u00e1ntica e a danza fusi\u00f3nanse nunha nova edici\u00f3n do ciclo \u2018Transfronteirizas\u2019 do IGFAE\",\"datePublished\":\"2024-11-27T10:34:22+00:00\",\"dateModified\":\"2024-12-26T09:39:01+00:00\",\"mainEntityOfPage\":{\"@id\":\"https:\\\/\\\/igfae.usc.es\\\/igfae\\\/en\\\/a-fisica-cuantica-e-a-danza-fusionanse-nunha-nova-edicion-do-ciclo-transfronteirizas-do-igfae\\\/\"},\"wordCount\":500,\"publisher\":{\"@id\":\"https:\\\/\\\/igfae.usc.es\\\/igfae\\\/#organization\"},\"image\":{\"@id\":\"https:\\\/\\\/igfae.usc.es\\\/igfae\\\/en\\\/a-fisica-cuantica-e-a-danza-fusionanse-nunha-nova-edicion-do-ciclo-transfronteirizas-do-igfae\\\/#primaryimage\"},\"thumbnailUrl\":\"\",\"keywords\":[\"Science Week 2024\",\"Semana da Ciencia 2024\",\"Semana de la Ciencia 2024\"],\"articleSection\":[\"ArtLab\",\"News\"],\"inLanguage\":\"en-US\"},{\"@type\":\"WebPage\",\"@id\":\"https:\\\/\\\/igfae.usc.es\\\/igfae\\\/en\\\/a-fisica-cuantica-e-a-danza-fusionanse-nunha-nova-edicion-do-ciclo-transfronteirizas-do-igfae\\\/\",\"url\":\"https:\\\/\\\/igfae.usc.es\\\/igfae\\\/en\\\/a-fisica-cuantica-e-a-danza-fusionanse-nunha-nova-edicion-do-ciclo-transfronteirizas-do-igfae\\\/\",\"name\":\"A f\u00edsica cu\u00e1ntica e a danza fusi\u00f3nanse nunha nova edici\u00f3n do ciclo \u2018Transfronteirizas\u2019 do IGFAE\",\"isPartOf\":{\"@id\":\"https:\\\/\\\/igfae.usc.es\\\/igfae\\\/#website\"},\"primaryImageOfPage\":{\"@id\":\"https:\\\/\\\/igfae.usc.es\\\/igfae\\\/en\\\/a-fisica-cuantica-e-a-danza-fusionanse-nunha-nova-edicion-do-ciclo-transfronteirizas-do-igfae\\\/#primaryimage\"},\"image\":{\"@id\":\"https:\\\/\\\/igfae.usc.es\\\/igfae\\\/en\\\/a-fisica-cuantica-e-a-danza-fusionanse-nunha-nova-edicion-do-ciclo-transfronteirizas-do-igfae\\\/#primaryimage\"},\"thumbnailUrl\":\"\",\"datePublished\":\"2024-11-27T10:34:22+00:00\",\"dateModified\":\"2024-12-26T09:39:01+00:00\",\"breadcrumb\":{\"@id\":\"https:\\\/\\\/igfae.usc.es\\\/igfae\\\/en\\\/a-fisica-cuantica-e-a-danza-fusionanse-nunha-nova-edicion-do-ciclo-transfronteirizas-do-igfae\\\/#breadcrumb\"},\"inLanguage\":\"en-US\",\"potentialAction\":[{\"@type\":\"ReadAction\",\"target\":[\"https:\\\/\\\/igfae.usc.es\\\/igfae\\\/en\\\/a-fisica-cuantica-e-a-danza-fusionanse-nunha-nova-edicion-do-ciclo-transfronteirizas-do-igfae\\\/\"]}]},{\"@type\":\"ImageObject\",\"inLanguage\":\"en-US\",\"@id\":\"https:\\\/\\\/igfae.usc.es\\\/igfae\\\/en\\\/a-fisica-cuantica-e-a-danza-fusionanse-nunha-nova-edicion-do-ciclo-transfronteirizas-do-igfae\\\/#primaryimage\",\"url\":\"\",\"contentUrl\":\"\"},{\"@type\":\"BreadcrumbList\",\"@id\":\"https:\\\/\\\/igfae.usc.es\\\/igfae\\\/en\\\/a-fisica-cuantica-e-a-danza-fusionanse-nunha-nova-edicion-do-ciclo-transfronteirizas-do-igfae\\\/#breadcrumb\",\"itemListElement\":[{\"@type\":\"ListItem\",\"position\":1,\"name\":\"Inicio\",\"item\":\"https:\\\/\\\/igfae.usc.es\\\/igfae\\\/en\\\/\"},{\"@type\":\"ListItem\",\"position\":2,\"name\":\"A f\u00edsica cu\u00e1ntica e a danza fusi\u00f3nanse nunha nova edici\u00f3n do ciclo \u2018Transfronteirizas\u2019 do IGFAE\"}]},{\"@type\":\"WebSite\",\"@id\":\"https:\\\/\\\/igfae.usc.es\\\/igfae\\\/#website\",\"url\":\"https:\\\/\\\/igfae.usc.es\\\/igfae\\\/\",\"name\":\"IGFAE\",\"description\":\"Instituto Galego de F\u00edsica de Altas Enerx\u00edas\",\"publisher\":{\"@id\":\"https:\\\/\\\/igfae.usc.es\\\/igfae\\\/#organization\"},\"potentialAction\":[{\"@type\":\"SearchAction\",\"target\":{\"@type\":\"EntryPoint\",\"urlTemplate\":\"https:\\\/\\\/igfae.usc.es\\\/igfae\\\/?s={search_term_string}\"},\"query-input\":{\"@type\":\"PropertyValueSpecification\",\"valueRequired\":true,\"valueName\":\"search_term_string\"}}],\"inLanguage\":\"en-US\"},{\"@type\":\"Organization\",\"@id\":\"https:\\\/\\\/igfae.usc.es\\\/igfae\\\/#organization\",\"name\":\"Instituto Galego de F\u00edsica de Altas Enerx\u00edas\",\"url\":\"https:\\\/\\\/igfae.usc.es\\\/igfae\\\/\",\"logo\":{\"@type\":\"ImageObject\",\"inLanguage\":\"en-US\",\"@id\":\"https:\\\/\\\/igfae.usc.es\\\/igfae\\\/#\\\/schema\\\/logo\\\/image\\\/\",\"url\":\"https:\\\/\\\/igfae.usc.es\\\/igfae\\\/wp-content\\\/uploads\\\/2025\\\/04\\\/seo-igfae.jpg\",\"contentUrl\":\"https:\\\/\\\/igfae.usc.es\\\/igfae\\\/wp-content\\\/uploads\\\/2025\\\/04\\\/seo-igfae.jpg\",\"width\":1920,\"height\":1280,\"caption\":\"Instituto Galego de F\u00edsica de Altas Enerx\u00edas\"},\"image\":{\"@id\":\"https:\\\/\\\/igfae.usc.es\\\/igfae\\\/#\\\/schema\\\/logo\\\/image\\\/\"},\"sameAs\":[\"https:\\\/\\\/x.com\\\/IGFAE_HEP\"]},{\"@type\":\"Person\",\"@id\":\"https:\\\/\\\/igfae.usc.es\\\/igfae\\\/#\\\/schema\\\/person\\\/7edb28d4e85fc09a1d4a05dd2b844174\",\"name\":\"Manuel\",\"image\":{\"@type\":\"ImageObject\",\"inLanguage\":\"en-US\",\"@id\":\"https:\\\/\\\/secure.gravatar.com\\\/avatar\\\/92b6d25b24eb9115f11ff9585492998eef62b80c7a05fd1ccd3f44ea80f2cffb?s=96&d=mm&r=g\",\"url\":\"https:\\\/\\\/secure.gravatar.com\\\/avatar\\\/92b6d25b24eb9115f11ff9585492998eef62b80c7a05fd1ccd3f44ea80f2cffb?s=96&d=mm&r=g\",\"contentUrl\":\"https:\\\/\\\/secure.gravatar.com\\\/avatar\\\/92b6d25b24eb9115f11ff9585492998eef62b80c7a05fd1ccd3f44ea80f2cffb?s=96&d=mm&r=g\",\"caption\":\"Manuel\"},\"url\":\"https:\\\/\\\/igfae.usc.es\\\/igfae\\\/en\\\/author\\\/manuelrey-pan\\\/\"}]}<\/script>\n<!-- \/ Yoast SEO plugin. -->","yoast_head_json":{"title":"A f\u00edsica cu\u00e1ntica e a danza fusi\u00f3nanse nunha nova edici\u00f3n do ciclo \u2018Transfronteirizas\u2019 do IGFAE","robots":{"index":"index","follow":"follow","max-snippet":"max-snippet:-1","max-image-preview":"max-image-preview:large","max-video-preview":"max-video-preview:-1"},"canonical":"https:\/\/igfae.usc.es\/igfae\/en\/a-fisica-cuantica-e-a-danza-fusionanse-nunha-nova-edicion-do-ciclo-transfronteirizas-do-igfae\/","og_locale":"en_US","og_type":"article","og_title":"A f\u00edsica cu\u00e1ntica e a danza fusi\u00f3nanse nunha nova edici\u00f3n do ciclo \u2018Transfronteirizas\u2019 do IGFAE","og_description":"A sede Instituto Galego de F\u00edsica de Altas Enerx\u00edas (IGFAE), centro mixto da Universidade de Santiago de Compostela e a Xunta de Galicia acolle este venres 29 de novembro un encontro no que se mesturar\u00e1n a danza e a f\u00edsica. No marco do ciclo Transfronteirizas: conversas de arte e ciencia o investigador do IGFAE H\u00e9ctor [&hellip;]","og_url":"https:\/\/igfae.usc.es\/igfae\/en\/a-fisica-cuantica-e-a-danza-fusionanse-nunha-nova-edicion-do-ciclo-transfronteirizas-do-igfae\/","og_site_name":"IGFAE","article_published_time":"2024-11-27T10:34:22+00:00","article_modified_time":"2024-12-26T09:39:01+00:00","author":"Manuel","twitter_card":"summary_large_image","twitter_creator":"@IGFAE_HEP","twitter_site":"@IGFAE_HEP","twitter_misc":{"Written by":"Manuel","Est. reading time":"2 minutes"},"schema":{"@context":"https:\/\/schema.org","@graph":[{"@type":"Article","@id":"https:\/\/igfae.usc.es\/igfae\/en\/a-fisica-cuantica-e-a-danza-fusionanse-nunha-nova-edicion-do-ciclo-transfronteirizas-do-igfae\/#article","isPartOf":{"@id":"https:\/\/igfae.usc.es\/igfae\/en\/a-fisica-cuantica-e-a-danza-fusionanse-nunha-nova-edicion-do-ciclo-transfronteirizas-do-igfae\/"},"author":{"name":"Manuel","@id":"https:\/\/igfae.usc.es\/igfae\/#\/schema\/person\/7edb28d4e85fc09a1d4a05dd2b844174"},"headline":"A f\u00edsica cu\u00e1ntica e a danza fusi\u00f3nanse nunha nova edici\u00f3n do ciclo \u2018Transfronteirizas\u2019 do IGFAE","datePublished":"2024-11-27T10:34:22+00:00","dateModified":"2024-12-26T09:39:01+00:00","mainEntityOfPage":{"@id":"https:\/\/igfae.usc.es\/igfae\/en\/a-fisica-cuantica-e-a-danza-fusionanse-nunha-nova-edicion-do-ciclo-transfronteirizas-do-igfae\/"},"wordCount":500,"publisher":{"@id":"https:\/\/igfae.usc.es\/igfae\/#organization"},"image":{"@id":"https:\/\/igfae.usc.es\/igfae\/en\/a-fisica-cuantica-e-a-danza-fusionanse-nunha-nova-edicion-do-ciclo-transfronteirizas-do-igfae\/#primaryimage"},"thumbnailUrl":"","keywords":["Science Week 2024","Semana da Ciencia 2024","Semana de la Ciencia 2024"],"articleSection":["ArtLab","News"],"inLanguage":"en-US"},{"@type":"WebPage","@id":"https:\/\/igfae.usc.es\/igfae\/en\/a-fisica-cuantica-e-a-danza-fusionanse-nunha-nova-edicion-do-ciclo-transfronteirizas-do-igfae\/","url":"https:\/\/igfae.usc.es\/igfae\/en\/a-fisica-cuantica-e-a-danza-fusionanse-nunha-nova-edicion-do-ciclo-transfronteirizas-do-igfae\/","name":"A f\u00edsica cu\u00e1ntica e a danza fusi\u00f3nanse nunha nova edici\u00f3n do ciclo \u2018Transfronteirizas\u2019 do IGFAE","isPartOf":{"@id":"https:\/\/igfae.usc.es\/igfae\/#website"},"primaryImageOfPage":{"@id":"https:\/\/igfae.usc.es\/igfae\/en\/a-fisica-cuantica-e-a-danza-fusionanse-nunha-nova-edicion-do-ciclo-transfronteirizas-do-igfae\/#primaryimage"},"image":{"@id":"https:\/\/igfae.usc.es\/igfae\/en\/a-fisica-cuantica-e-a-danza-fusionanse-nunha-nova-edicion-do-ciclo-transfronteirizas-do-igfae\/#primaryimage"},"thumbnailUrl":"","datePublished":"2024-11-27T10:34:22+00:00","dateModified":"2024-12-26T09:39:01+00:00","breadcrumb":{"@id":"https:\/\/igfae.usc.es\/igfae\/en\/a-fisica-cuantica-e-a-danza-fusionanse-nunha-nova-edicion-do-ciclo-transfronteirizas-do-igfae\/#breadcrumb"},"inLanguage":"en-US","potentialAction":[{"@type":"ReadAction","target":["https:\/\/igfae.usc.es\/igfae\/en\/a-fisica-cuantica-e-a-danza-fusionanse-nunha-nova-edicion-do-ciclo-transfronteirizas-do-igfae\/"]}]},{"@type":"ImageObject","inLanguage":"en-US","@id":"https:\/\/igfae.usc.es\/igfae\/en\/a-fisica-cuantica-e-a-danza-fusionanse-nunha-nova-edicion-do-ciclo-transfronteirizas-do-igfae\/#primaryimage","url":"","contentUrl":""},{"@type":"BreadcrumbList","@id":"https:\/\/igfae.usc.es\/igfae\/en\/a-fisica-cuantica-e-a-danza-fusionanse-nunha-nova-edicion-do-ciclo-transfronteirizas-do-igfae\/#breadcrumb","itemListElement":[{"@type":"ListItem","position":1,"name":"Inicio","item":"https:\/\/igfae.usc.es\/igfae\/en\/"},{"@type":"ListItem","position":2,"name":"A f\u00edsica cu\u00e1ntica e a danza fusi\u00f3nanse nunha nova edici\u00f3n do ciclo \u2018Transfronteirizas\u2019 do IGFAE"}]},{"@type":"WebSite","@id":"https:\/\/igfae.usc.es\/igfae\/#website","url":"https:\/\/igfae.usc.es\/igfae\/","name":"IGFAE","description":"Instituto Galego de F\u00edsica de Altas Enerx\u00edas","publisher":{"@id":"https:\/\/igfae.usc.es\/igfae\/#organization"},"potentialAction":[{"@type":"SearchAction","target":{"@type":"EntryPoint","urlTemplate":"https:\/\/igfae.usc.es\/igfae\/?s={search_term_string}"},"query-input":{"@type":"PropertyValueSpecification","valueRequired":true,"valueName":"search_term_string"}}],"inLanguage":"en-US"},{"@type":"Organization","@id":"https:\/\/igfae.usc.es\/igfae\/#organization","name":"Instituto Galego de F\u00edsica de Altas Enerx\u00edas","url":"https:\/\/igfae.usc.es\/igfae\/","logo":{"@type":"ImageObject","inLanguage":"en-US","@id":"https:\/\/igfae.usc.es\/igfae\/#\/schema\/logo\/image\/","url":"https:\/\/igfae.usc.es\/igfae\/wp-content\/uploads\/2025\/04\/seo-igfae.jpg","contentUrl":"https:\/\/igfae.usc.es\/igfae\/wp-content\/uploads\/2025\/04\/seo-igfae.jpg","width":1920,"height":1280,"caption":"Instituto Galego de F\u00edsica de Altas Enerx\u00edas"},"image":{"@id":"https:\/\/igfae.usc.es\/igfae\/#\/schema\/logo\/image\/"},"sameAs":["https:\/\/x.com\/IGFAE_HEP"]},{"@type":"Person","@id":"https:\/\/igfae.usc.es\/igfae\/#\/schema\/person\/7edb28d4e85fc09a1d4a05dd2b844174","name":"Manuel","image":{"@type":"ImageObject","inLanguage":"en-US","@id":"https:\/\/secure.gravatar.com\/avatar\/92b6d25b24eb9115f11ff9585492998eef62b80c7a05fd1ccd3f44ea80f2cffb?s=96&d=mm&r=g","url":"https:\/\/secure.gravatar.com\/avatar\/92b6d25b24eb9115f11ff9585492998eef62b80c7a05fd1ccd3f44ea80f2cffb?s=96&d=mm&r=g","contentUrl":"https:\/\/secure.gravatar.com\/avatar\/92b6d25b24eb9115f11ff9585492998eef62b80c7a05fd1ccd3f44ea80f2cffb?s=96&d=mm&r=g","caption":"Manuel"},"url":"https:\/\/igfae.usc.es\/igfae\/en\/author\/manuelrey-pan\/"}]}},"_links":{"self":[{"href":"https:\/\/igfae.usc.es\/igfae\/en\/wp-json\/wp\/v2\/posts\/17679","targetHints":{"allow":["GET"]}}],"collection":[{"href":"https:\/\/igfae.usc.es\/igfae\/en\/wp-json\/wp\/v2\/posts"}],"about":[{"href":"https:\/\/igfae.usc.es\/igfae\/en\/wp-json\/wp\/v2\/types\/post"}],"author":[{"embeddable":true,"href":"https:\/\/igfae.usc.es\/igfae\/en\/wp-json\/wp\/v2\/users\/11"}],"replies":[{"embeddable":true,"href":"https:\/\/igfae.usc.es\/igfae\/en\/wp-json\/wp\/v2\/comments?post=17679"}],"version-history":[{"count":2,"href":"https:\/\/igfae.usc.es\/igfae\/en\/wp-json\/wp\/v2\/posts\/17679\/revisions"}],"predecessor-version":[{"id":17808,"href":"https:\/\/igfae.usc.es\/igfae\/en\/wp-json\/wp\/v2\/posts\/17679\/revisions\/17808"}],"wp:featuredmedia":[{"embeddable":true,"href":"https:\/\/igfae.usc.es\/igfae\/en\/wp-json\/"}],"wp:attachment":[{"href":"https:\/\/igfae.usc.es\/igfae\/en\/wp-json\/wp\/v2\/media?parent=17679"}],"wp:term":[{"taxonomy":"category","embeddable":true,"href":"https:\/\/igfae.usc.es\/igfae\/en\/wp-json\/wp\/v2\/categories?post=17679"}],"curies":[{"name":"wp","href":"https:\/\/api.w.org\/{rel}","templated":true}]}}